{"id":59053,"date":"2025-11-26T12:29:10","date_gmt":"2025-11-26T12:29:10","guid":{"rendered":"https:\/\/www.europesays.com\/lv\/59053\/"},"modified":"2025-11-26T12:29:10","modified_gmt":"2025-11-26T12:29:10","slug":"seska-ekipaza-uzrada-sesto-labako-rezultatu-sauda-arabijas-rallija-treninbrauciena","status":"publish","type":"post","link":"https:\/\/www.europesays.com\/lv\/59053\/","title":{"rendered":"Seska ekip\u0101\u017ea uzr\u0101da sesto lab\u0101ko rezult\u0101tu Sa\u016bda Ar\u0101bijas rallija treni\u0146braucien\u0101"},"content":{"rendered":"<p>\u0100tr\u0101kais 4,56 kilometrus garaj\u0101 treni\u0146brauciena tras\u0113 bija soms Kalle Rovanpere (&#8220;Toyota Gazoo&#8221;), kur\u0161 fini\u0161u sasniedza p\u0113c tr\u012bs min\u016bt\u0113m un vienas sekundes.<\/p>\n<p>Otrais, zaud\u0113jot 0,5 sekundes, bija soma komandas biedrs jap\u0101nis Takamoto Kacuta, bet v\u0113l viens &#8220;Toyota Gazoo&#8221; p\u0101rst\u0101vis brits Elfins Evanss atpalika vienu sekundi un ierindoj\u0101s tre\u0161aj\u0101 poz\u012bcij\u0101.<\/p>\n<p>Latvijas ekip\u0101\u017ea savu lab\u0101ko rezult\u0101tu sasniedza tre\u0161aj\u0101 braucien\u0101, kad trasi veica tr\u012bs min\u016bt\u0113s un 3,4 sekund\u0113s, piek\u0101pjoties Rovanperem 2,4 sekundes.<\/p>\n<p>Tre\u0161dien tiks aizvad\u012bts 5,22 kilometrus garais pirmais \u0101trumposms, kas s\u0101ksies plkst. 19.35. Sacens\u012bbas tie\u0161raid\u0113 p\u0101rraid\u012bs telev\u012bzijas kan\u0101ls &#8220;Go3 Sport 2&#8221;.<\/p>\n<p>Ceturtdien \u0101trumposmi s\u0101ksies plkst. 7.08, piektdien &#8211; plkst. 7.26 un sestdien &#8211; plkst. 7.35.<\/p>\n<p>\u010cetru dienu garum\u0101 rallija ekip\u0101\u017eas veiks 17 \u0101trumposmus 319,44 kilometru garum\u0101. Dal\u012bbu Sa\u016bda Ar\u0101bijas rallij\u0101 ir apstiprin\u0101jusi 41 ekip\u0101\u017ea, no kur\u0101m 12 start\u0113s ar vado\u0161\u0101s klases &#8220;Rally1&#8221; automa\u0161\u012bn\u0101m.<\/p>\n<p>Seska ekip\u0101\u017ea, kas \u0161aj\u0101 <a href=\"https:\/\/www.apollo.lv\/term\/10078\/wrc\" class=\"topicLink\" target=\"_blank\" rel=\"nofollow noopener\">WRC<\/a> sezon\u0101 start\u0113 ar &#8220;M-Sport Ford&#8221; komandas sagatavoto &#8220;Ford Puma Rally1&#8221; auto, piedal\u012bsies sav\u0101 sept\u012btaj\u0101 posm\u0101. Zviedrijas rallij\u0101 Latvijas ekip\u0101\u017ea sacens\u012bbas nosl\u0113dza sestaj\u0101 viet\u0101, Portug\u0101les un Grie\u0137ijas rallijos ie\u0146\u0113ma 15.vietu, Sard\u012bnijas rallij\u0101 p\u0113c av\u0101rijas izst\u0101j\u0101s, bet Igaunijas rallij\u0101 un Somijas rallij\u0101 ierindoj\u0101s astotaj\u0101 viet\u0101.<\/p>\n","protected":false},"excerpt":{"rendered":"\u0100tr\u0101kais 4,56 kilometrus garaj\u0101 treni\u0146brauciena tras\u0113 bija soms Kalle Rovanpere (&#8220;Toyota Gazoo&#8221;), kur\u0161 fini\u0161u sasniedza p\u0113c tr\u012bs min\u016bt\u0113m&hellip;\n","protected":false},"author":2,"featured_media":59054,"comment_status":"","ping_status":"","sticky":false,"template":"","format":"standard","meta":{"footnotes":""},"categories":[17],"tags":[35,39,38,36,37,34,40,282,697,281,67,5675],"class_list":{"0":"post-59053","1":"post","2":"type-post","3":"status-publish","4":"format-standard","5":"has-post-thumbnail","7":"category-sports","8":"tag-latvia","9":"tag-latvian","10":"tag-latviesu","11":"tag-latviesu-valoda","12":"tag-latviesuvaloda","13":"tag-latvija","14":"tag-lv","15":"tag-martins-sesks","16":"tag-motosports","17":"tag-rallijs","18":"tag-sports","19":"tag-wrc"},"share_on_mastodon":{"url":"https:\/\/pubeurope.com\/@lv\/115616007024014373","error":""},"_links":{"self":[{"href":"https:\/\/www.europesays.com\/lv\/wp-json\/wp\/v2\/posts\/59053","targetHints":{"allow":["GET"]}}],"collection":[{"href":"https:\/\/www.europesays.com\/lv\/wp-json\/wp\/v2\/posts"}],"about":[{"href":"https:\/\/www.europesays.com\/lv\/wp-json\/wp\/v2\/types\/post"}],"author":[{"embeddable":true,"href":"https:\/\/www.europesays.com\/lv\/wp-json\/wp\/v2\/users\/2"}],"replies":[{"embeddable":true,"href":"https:\/\/www.europesays.com\/lv\/wp-json\/wp\/v2\/comments?post=59053"}],"version-history":[{"count":0,"href":"https:\/\/www.europesays.com\/lv\/wp-json\/wp\/v2\/posts\/59053\/revisions"}],"wp:featuredmedia":[{"embeddable":true,"href":"https:\/\/www.europesays.com\/lv\/wp-json\/wp\/v2\/media\/59054"}],"wp:attachment":[{"href":"https:\/\/www.europesays.com\/lv\/wp-json\/wp\/v2\/media?parent=59053"}],"wp:term":[{"taxonomy":"category","embeddable":true,"href":"https:\/\/www.europesays.com\/lv\/wp-json\/wp\/v2\/categories?post=59053"},{"taxonomy":"post_tag","embeddable":true,"href":"https:\/\/www.europesays.com\/lv\/wp-json\/wp\/v2\/tags?post=59053"}],"curies":[{"name":"wp","href":"https:\/\/api.w.org\/{rel}","templated":true}]}}