{"id":59061,"date":"2025-11-26T12:36:10","date_gmt":"2025-11-26T12:36:10","guid":{"rendered":"https:\/\/www.europesays.com\/lv\/59061\/"},"modified":"2025-11-26T12:36:10","modified_gmt":"2025-11-26T12:36:10","slug":"klatiene-dubaija-pirmizradi-piedzivo-jaunais-porsche-cayenne-electric-modelis","status":"publish","type":"post","link":"https:\/\/www.europesays.com\/lv\/59061\/","title":{"rendered":"Kl\u0101tien\u0113 Dubaij\u0101 pirmizr\u0101di piedz\u012bvo jaunais &#8220;Porsche Cayenne Electric&#8221; modelis"},"content":{"rendered":"<p>Jaunais &#8220;<a rel=\"noopener nofollow\" target=\"_blank\" href=\"https:\/\/www.delfi.lv\/temas\/40536711\/porsche\" tag-id=\"40536711\">Porsche<\/a> Cayenne Electric&#8221;, kur\u0161 nule piedz\u012bvoja glob\u0101lu digit\u0101lo pirmizr\u0101di, tagad prezent\u0113ts ar\u012b kl\u0101tien\u0113 Dubaij\u0101, festiv\u0101l\u0101 &#8220;Icons of Porsche&#8221;.<\/p>\n<p class=\"m-0\">Seko &#8220;Delfi&#8221; ar\u012b  <a target=\"_blank\" href=\"https:\/\/www.instagram.com\/delfi.lv\/\" rel=\"nofollow noopener\">Instagram<\/a>  un <a target=\"_blank\" href=\"https:\/\/www.youtube.com\/channel\/UCw5foWtcJvAbUm64rv7jwUQ\" rel=\"nofollow noopener\">YouTube<\/a>  profil\u0101 \u2013 pievienojies, lai uzzin\u0101tu svar\u012bg\u0101ko un interesant\u0101ko pirmais!<\/p>\n<p>Publik\u0101cijas saturs vai t\u0101s jebk\u0101da apjoma da\u013ca ir aizsarg\u0101ts autorties\u012bbu objekts Autorties\u012bbu likuma izpratn\u0113, un t\u0101 izmanto\u0161ana bez izdev\u0113ja at\u013caujas ir aizliegta. Vair\u0101k lasi  <a target=\"_blank\" href=\"https:\/\/www.delfi.lv\/noteikumi#autortiesibas\" rel=\"nofollow noopener\">\u0161eit<\/a><script async src=\"\/\/www.instagram.com\/embed.js\"><\/script><\/p>\n","protected":false},"excerpt":{"rendered":"Jaunais &#8220;Porsche Cayenne Electric&#8221;, kur\u0161 nule piedz\u012bvoja glob\u0101lu digit\u0101lo pirmizr\u0101di, tagad prezent\u0113ts ar\u012b kl\u0101tien\u0113 Dubaij\u0101, festiv\u0101l\u0101 &#8220;Icons of&hellip;\n","protected":false},"author":2,"featured_media":59062,"comment_status":"","ping_status":"","sticky":false,"template":"","format":"standard","meta":{"footnotes":""},"categories":[16],"tags":[77,76,35,39,38,36,37,34,40,1221],"class_list":{"0":"post-59061","1":"post","2":"type-post","3":"status-publish","4":"format-standard","5":"has-post-thumbnail","7":"category-bizness","8":"tag-bizness","9":"tag-business","10":"tag-latvia","11":"tag-latvian","12":"tag-latviesu","13":"tag-latviesu-valoda","14":"tag-latviesuvaloda","15":"tag-latvija","16":"tag-lv","17":"tag-porsche"},"share_on_mastodon":{"url":"https:\/\/pubeurope.com\/@lv\/115616034558806534","error":""},"_links":{"self":[{"href":"https:\/\/www.europesays.com\/lv\/wp-json\/wp\/v2\/posts\/59061","targetHints":{"allow":["GET"]}}],"collection":[{"href":"https:\/\/www.europesays.com\/lv\/wp-json\/wp\/v2\/posts"}],"about":[{"href":"https:\/\/www.europesays.com\/lv\/wp-json\/wp\/v2\/types\/post"}],"author":[{"embeddable":true,"href":"https:\/\/www.europesays.com\/lv\/wp-json\/wp\/v2\/users\/2"}],"replies":[{"embeddable":true,"href":"https:\/\/www.europesays.com\/lv\/wp-json\/wp\/v2\/comments?post=59061"}],"version-history":[{"count":0,"href":"https:\/\/www.europesays.com\/lv\/wp-json\/wp\/v2\/posts\/59061\/revisions"}],"wp:featuredmedia":[{"embeddable":true,"href":"https:\/\/www.europesays.com\/lv\/wp-json\/wp\/v2\/media\/59062"}],"wp:attachment":[{"href":"https:\/\/www.europesays.com\/lv\/wp-json\/wp\/v2\/media?parent=59061"}],"wp:term":[{"taxonomy":"category","embeddable":true,"href":"https:\/\/www.europesays.com\/lv\/wp-json\/wp\/v2\/categories?post=59061"},{"taxonomy":"post_tag","embeddable":true,"href":"https:\/\/www.europesays.com\/lv\/wp-json\/wp\/v2\/tags?post=59061"}],"curies":[{"name":"wp","href":"https:\/\/api.w.org\/{rel}","templated":true}]}}