{"id":59074,"date":"2025-11-26T13:10:09","date_gmt":"2025-11-26T13:10:09","guid":{"rendered":"https:\/\/www.europesays.com\/lv\/59074\/"},"modified":"2025-11-26T13:10:09","modified_gmt":"2025-11-26T13:10:09","slug":"raimonda-paula-dziesmu-svetku-koncerts-manai-dzimtenei-izzinoti-pirmie-pasakuma-solisti","status":"publish","type":"post","link":"https:\/\/www.europesays.com\/lv\/59074\/","title":{"rendered":"Raimonda Paula dziesmu sv\u0113tku koncerts \u201cManai Dzimtenei&#8221;. Izzi\u0146oti pirmie pas\u0101kuma solisti"},"content":{"rendered":"<p>Dziesmas &#8220;Zied ievas Siguld\u0101&#8221; solists b\u016bs operdzied\u0101t\u0101js Edgars O\u0161leja. Maestro Raimonda Paula un operdzied\u0101t\u0101ja sadarb\u012bba ir viena no Maestro jaun\u0101kaj\u0101m iniciat\u012bv\u0101m, kas aizs\u0101k\u0101s 2024. gad\u0101 ar m\u0113r\u0137i p\u0101rk\u0101pt \u017eanru robe\u017eas, apvienojot O\u0161lejas sp\u0113c\u012bgo basa balsi ar estr\u0101des m\u016bzikas melodij\u0101m. \u0160\u012b partner\u012bba \u013coti \u0101tri rezult\u0113j\u0101s albuma un koncertprogrammas &#8220;ATBALSS&#8221; izdo\u0161an\u0101,<\/p>\n<p>Koncerts &#8220;Manai Dzimtenei&#8221; ir velt\u012bjums Maestro Raimondam Paulam un vi\u0146a dai\u013cradei.<\/p>\n<p>2026. gada 11. j\u016blij\u0101 Me\u017eaparka Lielaj\u0101 estr\u0101d\u0113 &#8220;Sidraba Birzs&#8221; pulc\u0113sies vair\u0101k nek\u0101 13 000 dzied\u0101t\u0101ju no Latvijas un latvie\u0161u diaspor\u0101m, lai kop\u0101 ar iem\u012b\u013cotiem solistiem un m\u016bzi\u0137iem izdzied\u0101tu skaist\u0101k\u0101s Raimonda Paula dziesmas, \u012bpa\u0161u uzman\u012bbu veltot Maestro kora m\u016bzikas repertu\u0101ram un ar\u012b \u012bpa\u0161i \u0161im notikumam rad\u012btiem latvie\u0161u komponistu jaundarbiem. P\u0113c koncerta dal\u012bbniekus un skat\u012bt\u0101jus gaida sadzied\u0101\u0161an\u0101s nakts, kop\u0101 izdziedot pla\u0161o Maestro dziesmu p\u016bru.<\/p>\n<p>Bi\u013cetes uz koncertu pieejamas Bi\u013ce\u0161u Parad\u012bzes tirdzniec\u012bbas viet\u0101 un https:\/\/www.bilesuparadize.lv<\/p>\n<p>Koncerta &#8220;Manai Dzimtenei&#8221; m\u0101kslinieciskais vad\u012bt\u0101js ir komponists J\u0101nis \u0136irsis, re\u017eisore \u2013 Dita L\u016bri\u0146a, virsdiri\u0123ents \u2013 M\u0101rti\u0146\u0161 Kli\u0161\u0101ns. Savuk\u0101rt kopkora muzik\u0101lo vad\u012bbu uz\u0146emsies izcil\u0101kie Latvijas virsdiri\u0123enti.<\/p>\n<p>Koncerts top sadarb\u012bb\u0101 ar fondu &#8220;Manai Dzimtenei&#8221;, Latvijas Nacion\u0101lo kult\u016bras centru un Latvijas Pa\u0161vald\u012bbu savien\u012bbu.<\/p>\n<p>Pla\u0161\u0101ka inform\u0101cija: www.manaidzimtenei.lv<\/p>\n","protected":false},"excerpt":{"rendered":"Dziesmas &#8220;Zied ievas Siguld\u0101&#8221; solists b\u016bs operdzied\u0101t\u0101js Edgars O\u0161leja. Maestro Raimonda Paula un operdzied\u0101t\u0101ja sadarb\u012bba ir viena no&hellip;\n","protected":false},"author":2,"featured_media":59075,"comment_status":"","ping_status":"","sticky":false,"template":"","format":"standard","meta":{"footnotes":""},"categories":[19],"tags":[89,90,35,39,38,36,37,34,40,2672],"class_list":{"0":"post-59074","1":"post","2":"type-post","3":"status-publish","4":"format-standard","5":"has-post-thumbnail","7":"category-izklaide","8":"tag-entertainment","9":"tag-izklaide","10":"tag-latvia","11":"tag-latvian","12":"tag-latviesu","13":"tag-latviesu-valoda","14":"tag-latviesuvaloda","15":"tag-latvija","16":"tag-lv","17":"tag-raimonds-pauls"},"share_on_mastodon":{"url":"https:\/\/pubeurope.com\/@lv\/115616168446522154","error":""},"_links":{"self":[{"href":"https:\/\/www.europesays.com\/lv\/wp-json\/wp\/v2\/posts\/59074","targetHints":{"allow":["GET"]}}],"collection":[{"href":"https:\/\/www.europesays.com\/lv\/wp-json\/wp\/v2\/posts"}],"about":[{"href":"https:\/\/www.europesays.com\/lv\/wp-json\/wp\/v2\/types\/post"}],"author":[{"embeddable":true,"href":"https:\/\/www.europesays.com\/lv\/wp-json\/wp\/v2\/users\/2"}],"replies":[{"embeddable":true,"href":"https:\/\/www.europesays.com\/lv\/wp-json\/wp\/v2\/comments?post=59074"}],"version-history":[{"count":0,"href":"https:\/\/www.europesays.com\/lv\/wp-json\/wp\/v2\/posts\/59074\/revisions"}],"wp:featuredmedia":[{"embeddable":true,"href":"https:\/\/www.europesays.com\/lv\/wp-json\/wp\/v2\/media\/59075"}],"wp:attachment":[{"href":"https:\/\/www.europesays.com\/lv\/wp-json\/wp\/v2\/media?parent=59074"}],"wp:term":[{"taxonomy":"category","embeddable":true,"href":"https:\/\/www.europesays.com\/lv\/wp-json\/wp\/v2\/categories?post=59074"},{"taxonomy":"post_tag","embeddable":true,"href":"https:\/\/www.europesays.com\/lv\/wp-json\/wp\/v2\/tags?post=59074"}],"curies":[{"name":"wp","href":"https:\/\/api.w.org\/{rel}","templated":true}]}}