{"id":59076,"date":"2025-11-26T13:11:08","date_gmt":"2025-11-26T13:11:08","guid":{"rendered":"https:\/\/www.europesays.com\/lv\/59076\/"},"modified":"2025-11-26T13:11:08","modified_gmt":"2025-11-26T13:11:08","slug":"treimana-pienemtie-lemumi-speles-laika-bija-pareizi","status":"publish","type":"post","link":"https:\/\/www.europesays.com\/lv\/59076\/","title":{"rendered":"Treima\u0146a pie\u0146emtie l\u0113mumi sp\u0113les laik\u0101 bija pareizi"},"content":{"rendered":"<p>&#8220;Grobi\u0146a&#8221; sv\u0113tdien R\u012bg\u0101 ar 1:0 (1:0) p\u0101rsp\u0113ja &#8220;JDFS Alberts&#8221; komandu, divu ma\u010du summ\u0101 uzvarot ar 1:0 un saglab\u0101jot vietu Latvijas virsl\u012bg\u0101.<\/p>\n<p>Ma\u010da galvenais tiesnesis <a href=\"https:\/\/sports.tvnet.lv\/term\/571111\/andris-treimanis\" class=\"topicLink\" target=\"_blank\" rel=\"nofollow noopener\">Andris Treimanis<\/a>, kuram ir liela pieredze ar\u012b starptautisk\u0101 l\u012bmen\u012b, soci\u0101lajos t\u012bklos <a target=\"_blank\" rel=\"noopener noreferrer nofollow\" href=\"https:\/\/sports.tvnet.lv\/8366963\/video-pirmo-reizi-izjutu-tik-masveidigu-agresiju-latvija-futbola-tiesnesis-treimanis-izplust-emocijas\">public\u0113ja emocion\u0101lu v\u0113stuli<\/a>, kur\u0101 vi\u0146\u0161 izkl\u0101st\u012bja notiku\u0161o incidentu.<\/p>\n<p>Treimanis nor\u0101d\u012bja, ka vi\u0146\u0161 pirmo reizi karjer\u0101 Latvij\u0101 izjutis tik masveid\u012bgu agresiju. 28 gadu futbola ties\u0101\u0161anas karjeras laik\u0101 pirmo reizi uz vi\u0146u un kol\u0113\u0123iem esot sp\u013cauts.<\/p>\n<p>1. Aizsarga roka, pieskaroties bumbai, neatrodas dabisk\u0101 st\u0101vokl\u012b un ir ac\u012bmredzami \u0101rpus \u0137erme\u0146a. Tiesnesim no rekomend\u0113jam\u0101s poz\u012bcijas nav iesp\u0113jams identific\u0113t \u0161o ac\u012bmredzamo p\u0101rk\u0101pumu. VAR, izanaliz\u0113jot epizodi, pareizi rekomend\u0113ja tiesnesim momenta p\u0101rskat\u012b\u0161anu pie monitora, p\u0113c k\u0101 tiesnesis pie\u0146\u0113ma pareizu l\u0113mumu, pie\u0161\u0137irot 11 metru soda sitienu.<\/p>\n<p>2. Aizsargs skrien p\u0101r\u0101k tuvu uzbruc\u0113jam un neuzman\u012bgi izveido kontaktu ar k\u0101ju no mugurpuses, klupinot pretinieku. \u0145emot v\u0113r\u0101, ka \u0161\u012bs p\u0101rk\u0101pums liedza ac\u012bmredzamu v\u0101rtu g\u016b\u0161anas iesp\u0113ju uzbruc\u0113jam, VAR rekomend\u0113ja tiesnesim momenta p\u0101rskat\u012b\u0161anu pie monitora, p\u0113c k\u0101 tiesnesis pie\u0146\u0113ma pareizu l\u0113mumu, pie\u0161\u0137irot tie\u0161o br\u012bvsitienu no p\u0101rk\u0101puma vietas un noraidot p\u0101rk\u0101p\u0113ju.<\/p>\n","protected":false},"excerpt":{"rendered":"&#8220;Grobi\u0146a&#8221; sv\u0113tdien R\u012bg\u0101 ar 1:0 (1:0) p\u0101rsp\u0113ja &#8220;JDFS Alberts&#8221; komandu, divu ma\u010du summ\u0101 uzvarot ar 1:0 un saglab\u0101jot&hellip;\n","protected":false},"author":2,"featured_media":59077,"comment_status":"","ping_status":"","sticky":false,"template":"","format":"standard","meta":{"footnotes":""},"categories":[17],"tags":[15736,714,713,676,715,35,39,38,36,37,34,40,67],"class_list":{"0":"post-59076","1":"post","2":"type-post","3":"status-publish","4":"format-standard","5":"has-post-thumbnail","7":"category-sports","8":"tag-andris-treimanis","9":"tag-futbola-jaunumi","10":"tag-futbola-virsliga","11":"tag-futbols","12":"tag-futbols-latvija","13":"tag-latvia","14":"tag-latvian","15":"tag-latviesu","16":"tag-latviesu-valoda","17":"tag-latviesuvaloda","18":"tag-latvija","19":"tag-lv","20":"tag-sports"},"share_on_mastodon":{"url":"https:\/\/pubeurope.com\/@lv\/115616172180959208","error":""},"_links":{"self":[{"href":"https:\/\/www.europesays.com\/lv\/wp-json\/wp\/v2\/posts\/59076","targetHints":{"allow":["GET"]}}],"collection":[{"href":"https:\/\/www.europesays.com\/lv\/wp-json\/wp\/v2\/posts"}],"about":[{"href":"https:\/\/www.europesays.com\/lv\/wp-json\/wp\/v2\/types\/post"}],"author":[{"embeddable":true,"href":"https:\/\/www.europesays.com\/lv\/wp-json\/wp\/v2\/users\/2"}],"replies":[{"embeddable":true,"href":"https:\/\/www.europesays.com\/lv\/wp-json\/wp\/v2\/comments?post=59076"}],"version-history":[{"count":0,"href":"https:\/\/www.europesays.com\/lv\/wp-json\/wp\/v2\/posts\/59076\/revisions"}],"wp:featuredmedia":[{"embeddable":true,"href":"https:\/\/www.europesays.com\/lv\/wp-json\/wp\/v2\/media\/59077"}],"wp:attachment":[{"href":"https:\/\/www.europesays.com\/lv\/wp-json\/wp\/v2\/media?parent=59076"}],"wp:term":[{"taxonomy":"category","embeddable":true,"href":"https:\/\/www.europesays.com\/lv\/wp-json\/wp\/v2\/categories?post=59076"},{"taxonomy":"post_tag","embeddable":true,"href":"https:\/\/www.europesays.com\/lv\/wp-json\/wp\/v2\/tags?post=59076"}],"curies":[{"name":"wp","href":"https:\/\/api.w.org\/{rel}","templated":true}]}}