{"id":59158,"date":"2025-11-26T14:33:08","date_gmt":"2025-11-26T14:33:08","guid":{"rendered":"https:\/\/www.europesays.com\/lv\/59158\/"},"modified":"2025-11-26T14:33:08","modified_gmt":"2025-11-26T14:33:08","slug":"iekslietu-ministrija-skaidro-kapec-liela-dala-iedzivotaju-nesanema-sunu-apraides-pazinojumu","status":"publish","type":"post","link":"https:\/\/www.europesays.com\/lv\/59158\/","title":{"rendered":"Iek\u0161lietu ministrija skaidro, k\u0101p\u0113c liela da\u013ca iedz\u012bvot\u0101ju nesa\u0146\u0113ma \u0161\u016bnu apraides pazi\u0146ojumu"},"content":{"rendered":"<p>Sarkan\u0101, oran\u017e\u0101 un dzelten\u0101 l\u012bme\u0146a br\u012bdin\u0101juma pazi\u0146ojumi, kurus izmantos, lai br\u012bdin\u0101tu iedz\u012bvot\u0101jus par prognoz\u0113jamu vai eso\u0161u apdraud\u0113jumu, ir autom\u0101tiski iesl\u0113gti gan iOS, gan &#8220;Android&#8221; lietot\u0101jiem. \u0160odien izmantotais m\u0101c\u012bbu br\u012bdin\u0101juma pazi\u0146ojums apdraud\u0113juma situ\u0101cij\u0101s netiks izmantots, nor\u0101d\u012bja Baltmanis.<\/p>\n<p>Neskatoties uz konstat\u0113taj\u0101m darb\u012bbas nepiln\u012bb\u0101m, pie kuru nov\u0113r\u0161anas darbs turpin\u0101s, VUGD s\u0101ks \u0161\u012bs sist\u0113mas akt\u012bv\u0101ku lieto\u0161anu, lai br\u012bdin\u0101tu par \u013coti sliktiem un b\u012bstamiem laikapst\u0101k\u013ciem un citiem apdraud\u0113jumiem, kas prasa nekav\u0113jo\u0161u iedz\u012bvot\u0101ju r\u012bc\u012bbu.<\/p>\n<p>VUGD reizi pusgad\u0101 veic agr\u012bn\u0101s br\u012bdin\u0101\u0161anas sist\u0113mas p\u0101rbaudi, kas nepiecie\u0161ama, lai p\u0101rliecin\u0101tos par agr\u012bn\u0101s br\u012bdin\u0101\u0161anas sist\u0113mas tehnisko gatav\u012bbu &#8211; trauksmes sir\u0113nu tehnisko st\u0101vokli, iesp\u0113jamiem boj\u0101jumiem vai trauc\u0113jumiem sir\u0113nu darb\u012bb\u0101, k\u0101 ar\u012b nosl\u0113gto l\u012bgumu darb\u012bbas izpildi starp VUGD un elektroniskajiem pla\u0161sazi\u0146as l\u012bdzek\u013ciem, kas apdraud\u0113juma gad\u012bjum\u0101 inform\u0113 sabiedr\u012bbu. T\u0101 k\u0101 \u0161ogad Latvij\u0101 ieviesta <a href=\"https:\/\/www.apollo.lv\/term\/764057\/sunu-apraide\" class=\"topicLink\" target=\"_blank\" rel=\"nofollow noopener\">\u0161\u016bnu apraide<\/a>, kas ir da\u013ca no agr\u012bn\u0101s br\u012bdin\u0101\u0161anas sist\u0113mas, ar\u012b \u0161is r\u012bks \u0161odien tika p\u0101rbaud\u012bts.<\/p>\n<p>Trauksmes sir\u0113nu uzdevums ir br\u012bdin\u0101t iedz\u012bvot\u0101jus dabas vai tehnog\u0113nas katastrofas vai t\u0101s draudu gad\u012bjum\u0101. Valst\u012b \u0161obr\u012bd ir izvietotas 164 trauksmes sir\u0113nas, l\u012bdz ar to t\u0101s nav dzirdamas vis\u0101 valsts teritorij\u0101. \u0100rk\u0101rtas gad\u012bjumos tiks izmantoti ar\u012b citi apzi\u0146o\u0161anas veidi, piem\u0113ram, inform\u0101cijas nodo\u0161ana pa ska\u013cru\u0146iem un operat\u012bvo dienestu transportl\u012bdzek\u013cu ska\u0146as sist\u0113mu, apstaig\u0101jot m\u0101jok\u013cus, k\u0101 ar\u012b ievietojot pazi\u0146ojumu lietotn\u0113 &#8220;112 Latvija&#8221;.<\/p>\n<p>Latvij\u0101 \u0161\u016bnu apraide tika ieviesta \u0161ogad j\u016blij\u0101.<\/p>\n","protected":false},"excerpt":{"rendered":"Sarkan\u0101, oran\u017e\u0101 un dzelten\u0101 l\u012bme\u0146a br\u012bdin\u0101juma pazi\u0146ojumi, kurus izmantos, lai br\u012bdin\u0101tu iedz\u012bvot\u0101jus par prognoz\u0113jamu vai eso\u0161u apdraud\u0113jumu, ir&hellip;\n","protected":false},"author":2,"featured_media":59159,"comment_status":"","ping_status":"","sticky":false,"template":"","format":"standard","meta":{"footnotes":""},"categories":[5],"tags":[23,28,29,32,33,22,6604,30,31,35,39,38,36,37,34,40,20,26,27,13021,24,25,4908,21],"class_list":{"0":"post-59158","1":"post","2":"type-post","3":"status-publish","4":"format-standard","5":"has-post-thumbnail","7":"category-aktualitates","8":"tag-aktualitates","9":"tag-breaking-news","10":"tag-breakingnews","11":"tag-featured-news","12":"tag-featurednews","13":"tag-headlines","14":"tag-iekslietu-ministrija","15":"tag-latest-news","16":"tag-latestnews","17":"tag-latvia","18":"tag-latvian","19":"tag-latviesu","20":"tag-latviesu-valoda","21":"tag-latviesuvaloda","22":"tag-latvija","23":"tag-lv","24":"tag-news","25":"tag-popularakas-zinas","26":"tag-popularakaszinas","27":"tag-sunu-apraide","28":"tag-top-stories","29":"tag-topstories","30":"tag-vugd","31":"tag-zinas"},"share_on_mastodon":{"url":"https:\/\/pubeurope.com\/@lv\/115616494541535604","error":""},"_links":{"self":[{"href":"https:\/\/www.europesays.com\/lv\/wp-json\/wp\/v2\/posts\/59158","targetHints":{"allow":["GET"]}}],"collection":[{"href":"https:\/\/www.europesays.com\/lv\/wp-json\/wp\/v2\/posts"}],"about":[{"href":"https:\/\/www.europesays.com\/lv\/wp-json\/wp\/v2\/types\/post"}],"author":[{"embeddable":true,"href":"https:\/\/www.europesays.com\/lv\/wp-json\/wp\/v2\/users\/2"}],"replies":[{"embeddable":true,"href":"https:\/\/www.europesays.com\/lv\/wp-json\/wp\/v2\/comments?post=59158"}],"version-history":[{"count":0,"href":"https:\/\/www.europesays.com\/lv\/wp-json\/wp\/v2\/posts\/59158\/revisions"}],"wp:featuredmedia":[{"embeddable":true,"href":"https:\/\/www.europesays.com\/lv\/wp-json\/wp\/v2\/media\/59159"}],"wp:attachment":[{"href":"https:\/\/www.europesays.com\/lv\/wp-json\/wp\/v2\/media?parent=59158"}],"wp:term":[{"taxonomy":"category","embeddable":true,"href":"https:\/\/www.europesays.com\/lv\/wp-json\/wp\/v2\/categories?post=59158"},{"taxonomy":"post_tag","embeddable":true,"href":"https:\/\/www.europesays.com\/lv\/wp-json\/wp\/v2\/tags?post=59158"}],"curies":[{"name":"wp","href":"https:\/\/api.w.org\/{rel}","templated":true}]}}