{"id":59177,"date":"2025-11-26T15:01:09","date_gmt":"2025-11-26T15:01:09","guid":{"rendered":"https:\/\/www.europesays.com\/lv\/59177\/"},"modified":"2025-11-26T15:01:09","modified_gmt":"2025-11-26T15:01:09","slug":"vilnas-lidosta-no-skrejcela-noslidejusi-lidmasina","status":"publish","type":"post","link":"https:\/\/www.europesays.com\/lv\/59177\/","title":{"rendered":"Vi\u013c\u0146as lidost\u0101 no skrejce\u013ca nosl\u012bd\u0113jusi lidma\u0161\u012bna"},"content":{"rendered":"<p>Lietuvas valsts lidostu operatorkomp\u0101nija &#8220;Lietuvos oro uostai&#8221; pazi\u0146oja, ka plkst. 13.43 Polijas nacion\u0101l\u0101s aviokomp\u0101nijas LOT lidma\u0161\u012bna, kas bija ieradusies no Var\u0161avas, nosl\u012bd\u0113ja no skrejce\u013ca, kad brauca lidostas virzien\u0101. Pasa\u017eieri atst\u0101ju\u0161i lidma\u0161\u012bnu, un nav inform\u0101cijas, ka incident\u0101 k\u0101ds b\u016btu cietis.<\/p>\n<p>P\u0113c incidenta lidost\u0101 izlido\u0161ana un ielido\u0161ana p\u0101rtraukta uz vismaz piec\u0101m stund\u0101m l\u012bdz plkst. 19.<\/p>\n<p>&#8220;Lidma\u0161\u012bnas pa\u0161laik nenolai\u017eas un nepace\u013cas,&#8221; zi\u0146u a\u0123ent\u016brai BNS past\u0101st\u012bja Vasi\u013causks.<\/p>\n<p>Tre\u0161dien vair\u0101kos Lietuvas rajonos un Vi\u013c\u0146\u0101 sp\u0113c\u012bgi sniga. Valst\u012b ir nov\u0113rojama gan sp\u0113c\u012bga snig\u0161ana, gan slapjdra\u0146\u0137is. Iedz\u012bvot\u0101jiem ieteikts atlikt neb\u016btiskus braucienus.<\/p>\n","protected":false},"excerpt":{"rendered":"Lietuvas valsts lidostu operatorkomp\u0101nija &#8220;Lietuvos oro uostai&#8221; pazi\u0146oja, ka plkst. 13.43 Polijas nacion\u0101l\u0101s aviokomp\u0101nijas LOT lidma\u0161\u012bna, kas bija&hellip;\n","protected":false},"author":2,"featured_media":59178,"comment_status":"","ping_status":"","sticky":false,"template":"","format":"standard","meta":{"footnotes":""},"categories":[14],"tags":[23,57,28,29,32,33,22,30,31,35,39,38,36,37,34,1464,40,20,26,27,24,25,3395,54,55,56,21,58],"class_list":{"0":"post-59177","1":"post","2":"type-post","3":"status-publish","4":"format-standard","5":"has-post-thumbnail","7":"category-zinas-no-arvalstim","8":"tag-aktualitates","9":"tag-arvalstim","10":"tag-breaking-news","11":"tag-breakingnews","12":"tag-featured-news","13":"tag-featurednews","14":"tag-headlines","15":"tag-latest-news","16":"tag-latestnews","17":"tag-latvia","18":"tag-latvian","19":"tag-latviesu","20":"tag-latviesu-valoda","21":"tag-latviesuvaloda","22":"tag-latvija","23":"tag-lietuva","24":"tag-lv","25":"tag-news","26":"tag-popularakas-zinas","27":"tag-popularakaszinas","28":"tag-top-stories","29":"tag-topstories","30":"tag-vilna","31":"tag-world","32":"tag-world-news","33":"tag-worldnews","34":"tag-zinas","35":"tag-zinas-no-arvalstim"},"share_on_mastodon":{"url":"https:\/\/pubeurope.com\/@lv\/115616604727885865","error":""},"_links":{"self":[{"href":"https:\/\/www.europesays.com\/lv\/wp-json\/wp\/v2\/posts\/59177","targetHints":{"allow":["GET"]}}],"collection":[{"href":"https:\/\/www.europesays.com\/lv\/wp-json\/wp\/v2\/posts"}],"about":[{"href":"https:\/\/www.europesays.com\/lv\/wp-json\/wp\/v2\/types\/post"}],"author":[{"embeddable":true,"href":"https:\/\/www.europesays.com\/lv\/wp-json\/wp\/v2\/users\/2"}],"replies":[{"embeddable":true,"href":"https:\/\/www.europesays.com\/lv\/wp-json\/wp\/v2\/comments?post=59177"}],"version-history":[{"count":0,"href":"https:\/\/www.europesays.com\/lv\/wp-json\/wp\/v2\/posts\/59177\/revisions"}],"wp:featuredmedia":[{"embeddable":true,"href":"https:\/\/www.europesays.com\/lv\/wp-json\/wp\/v2\/media\/59178"}],"wp:attachment":[{"href":"https:\/\/www.europesays.com\/lv\/wp-json\/wp\/v2\/media?parent=59177"}],"wp:term":[{"taxonomy":"category","embeddable":true,"href":"https:\/\/www.europesays.com\/lv\/wp-json\/wp\/v2\/categories?post=59177"},{"taxonomy":"post_tag","embeddable":true,"href":"https:\/\/www.europesays.com\/lv\/wp-json\/wp\/v2\/tags?post=59177"}],"curies":[{"name":"wp","href":"https:\/\/api.w.org\/{rel}","templated":true}]}}