{"id":59179,"date":"2025-11-26T15:03:09","date_gmt":"2025-11-26T15:03:09","guid":{"rendered":"https:\/\/www.europesays.com\/lv\/59179\/"},"modified":"2025-11-26T15:03:09","modified_gmt":"2025-11-26T15:03:09","slug":"latgale-un-selija-saksies-speciga-snigsana-un-atkala-speka-oranzais-bridinajums-jekabpils-laiks-jekabpils-zinas","status":"publish","type":"post","link":"https:\/\/www.europesays.com\/lv\/59179\/","title":{"rendered":"Latgal\u0113 un S\u0113lij\u0101 s\u0101ksies sp\u0113c\u012bga snig\u0161ana un atkala \u2013 sp\u0113k\u0101 oran\u017eais br\u012bdin\u0101jums \/ J\u0113kabpils Laiks: J\u0113kabpils zi\u0146as"},"content":{"rendered":"<p>Tre\u0161dien 26. novembra, vakar\u0101 Latgal\u0113 un S\u0113lij\u0101 no dienvidiem ierad\u012bsies pla\u0161a nokri\u0161\u0146u zona \u2013 s\u0101ks snigt, prognoz\u0113 sinopti\u0137i. Sp\u0113c\u012bga snig\u0161ana turpin\u0101sies l\u012bdz ceturtdienas r\u012btam.\u00a0Latvijas Vides, \u0123eolo\u0123ijas un meteorolo\u0123ijas centrs valsts dienvidaustrumu da\u013c\u0101 izsludin\u0101jis oran\u017e\u0101 l\u012bme\u0146a br\u012bdin\u0101jumu par stipru snig\u0161anu \u2013\u00a0nakt\u012b uz ceturtdienu sniega sega k\u013c\u016bs par 5\u20139 centimetriem biez\u0101ka.\u00a0Nakts vid\u016b snig\u0161ana p\u0101ries atkal\u0101 jeb sasalsto\u0161\u0101 liet\u016b \u2013 uz ce\u013ciem, vadiem, koku zariem un cit\u0101m virsm\u0101m veidosies \u013coti stiprs apledojums. Atkala mit\u0113sies ceturtdienas priek\u0161pusdienas stund\u0101s.<\/p>\n<p>Novembra beig\u0101s un decembra s\u0101kum\u0101 Latvij\u0101 b\u016bs maz saules un br\u012b\u017eiem gaid\u0101mi nokri\u0161\u0146i, prognoz\u0113 sinopti\u0137i.<\/p>\n<p>Ceturtdien, 27. novembr\u012b, valsts liel\u0101kaj\u0101 da\u013c\u0101 snigs, Latgal\u0113 gaid\u0101ms ar\u012b lietus un atkala. Ned\u0113\u013cas nogal\u0113 nokri\u0161\u0146i b\u016bs viet\u0101m, galvenok\u0101rt gaid\u0101ms neliels lietus un apledojums.<\/p>\n<p>Gaisa temperat\u016bra \u0161\u012bs ned\u0113\u013cas otraj\u0101 pus\u0113 caurm\u0113r\u0101 b\u016bs tuvu nullei, piekrast\u0113 t\u0101 br\u012b\u017eiem var pak\u0101pties l\u012bdz +8 gr\u0101diem, tom\u0113r valsts liel\u0101kaj\u0101 da\u013c\u0101 palaikam gaid\u0101ms neliels sals. M\u0113rens dienvidu v\u0113j\u0161 rad\u012bs saj\u016btu, ka gaiss ir v\u0113s\u0101ks; piektdien piekrast\u0113 gaid\u0101mas v\u0113ja br\u0101zmas l\u012bdz 19 metriem sekund\u0113. L\u012bdz\u012bgus laikapst\u0101k\u013cus sinopti\u0137i prognoz\u0113 ar\u012b decembra pirmaj\u0101s dien\u0101s, bet m\u0113ne\u0161a turpin\u0101jum\u0101 iesp\u0113jams nedaudz silt\u0101ks laiks.<\/p>\n","protected":false},"excerpt":{"rendered":"Tre\u0161dien 26. novembra, vakar\u0101 Latgal\u0113 un S\u0113lij\u0101 no dienvidiem ierad\u012bsies pla\u0161a nokri\u0161\u0146u zona \u2013 s\u0101ks snigt, prognoz\u0113 sinopti\u0137i.&hellip;\n","protected":false},"author":2,"featured_media":59180,"comment_status":"","ping_status":"","sticky":false,"template":"","format":"standard","meta":{"footnotes":""},"categories":[5],"tags":[23,28,29,32,33,22,987,986,30,31,35,39,38,36,37,34,40,20,26,27,24,25,21],"class_list":{"0":"post-59179","1":"post","2":"type-post","3":"status-publish","4":"format-standard","5":"has-post-thumbnail","7":"category-aktualitates","8":"tag-aktualitates","9":"tag-breaking-news","10":"tag-breakingnews","11":"tag-featured-news","12":"tag-featurednews","13":"tag-headlines","14":"tag-jekabpils-zinas","15":"tag-jekabpilslaiks","16":"tag-latest-news","17":"tag-latestnews","18":"tag-latvia","19":"tag-latvian","20":"tag-latviesu","21":"tag-latviesu-valoda","22":"tag-latviesuvaloda","23":"tag-latvija","24":"tag-lv","25":"tag-news","26":"tag-popularakas-zinas","27":"tag-popularakaszinas","28":"tag-top-stories","29":"tag-topstories","30":"tag-zinas"},"share_on_mastodon":{"url":"https:\/\/pubeurope.com\/@lv\/115616612605430193","error":""},"_links":{"self":[{"href":"https:\/\/www.europesays.com\/lv\/wp-json\/wp\/v2\/posts\/59179","targetHints":{"allow":["GET"]}}],"collection":[{"href":"https:\/\/www.europesays.com\/lv\/wp-json\/wp\/v2\/posts"}],"about":[{"href":"https:\/\/www.europesays.com\/lv\/wp-json\/wp\/v2\/types\/post"}],"author":[{"embeddable":true,"href":"https:\/\/www.europesays.com\/lv\/wp-json\/wp\/v2\/users\/2"}],"replies":[{"embeddable":true,"href":"https:\/\/www.europesays.com\/lv\/wp-json\/wp\/v2\/comments?post=59179"}],"version-history":[{"count":0,"href":"https:\/\/www.europesays.com\/lv\/wp-json\/wp\/v2\/posts\/59179\/revisions"}],"wp:featuredmedia":[{"embeddable":true,"href":"https:\/\/www.europesays.com\/lv\/wp-json\/wp\/v2\/media\/59180"}],"wp:attachment":[{"href":"https:\/\/www.europesays.com\/lv\/wp-json\/wp\/v2\/media?parent=59179"}],"wp:term":[{"taxonomy":"category","embeddable":true,"href":"https:\/\/www.europesays.com\/lv\/wp-json\/wp\/v2\/categories?post=59179"},{"taxonomy":"post_tag","embeddable":true,"href":"https:\/\/www.europesays.com\/lv\/wp-json\/wp\/v2\/tags?post=59179"}],"curies":[{"name":"wp","href":"https:\/\/api.w.org\/{rel}","templated":true}]}}