{"id":59204,"date":"2025-11-26T15:36:10","date_gmt":"2025-11-26T15:36:10","guid":{"rendered":"https:\/\/www.europesays.com\/lv\/59204\/"},"modified":"2025-11-26T15:36:10","modified_gmt":"2025-11-26T15:36:10","slug":"byd-eiropa-triskart-apsteidz-tesla-kinas-auto-zimoli-strauji-palielina-tirgus-dalu-lente-lv-2","status":"publish","type":"post","link":"https:\/\/www.europesays.com\/lv\/59204\/","title":{"rendered":"BYD Eirop\u0101 tr\u012bsk\u0101rt apsteidz &#8220;Tesla&#8221;, \u0136\u012bnas auto z\u012bmoli strauji palielina tirgus da\u013cu\u00a0\u2014\u00a0Lente.lv"},"content":{"rendered":"<p>\u0136\u012bnas autora\u017eot\u0101ju domin\u0113jo\u0161\u0101 kl\u0101tb\u016btne Eiropas tirg\u016b<\/p>\n<p>P\u0113d\u0113j\u0101 laik\u0101 v\u0113rojama satrieco\u0161a tendence Eiropas auto industrij\u0101 \u2013 \u0136\u012bnas autora\u017eot\u0101ji, \u012bpa\u0161i BYD, strauji audz\u0113 savu tirgus da\u013cu, kam\u0113r tradicion\u0101lie sp\u0113l\u0113t\u0101ji, piem\u0113ram, Tesla, piedz\u012bvo iev\u0113rojamu kritumu. Oktobr\u012b vien BYD Eirop\u0101 p\u0101rdevis gandr\u012bz tr\u012bs reizes vair\u0101k jauno automa\u0161\u012bnu nek\u0101 amerik\u0101\u0146u z\u012bmols Tesla. \u0160is pav\u0113rsiens liecina par fundament\u0101l\u0101m izmai\u0146\u0101m dinamik\u0101 pasaules m\u0113roga auto tirg\u016b.<\/p>\n<p>BYD p\u0101r\u0101kums p\u0101r Tesla<\/p>\n<p>Saska\u0146\u0101 ar jaun\u0101kajiem datiem, BYD jaunaj\u0101s automa\u0161\u012bn\u0101s re\u0123istr\u0113ti 17 470 eksempl\u0101ri Eirop\u0101 oktobr\u012b, kas ir iespaid\u012bgs pieaugums par 206,8% sal\u012bdzin\u0101jum\u0101 ar iepriek\u0161\u0113j\u0101 gada attiec\u012bgo periodu. Glu\u017ei pret\u0113ji, Tesla piedz\u012bvojusi b\u016btisku kritumu \u2013 oktobr\u012b Eirop\u0101 re\u0123istr\u0113ti vien 6 964 jauni automobi\u013ci, kas ir par 48,5% maz\u0101k nek\u0101 p\u0113rn. \u0160is skaitlis pat ir zem\u0101ks nek\u0101 Porsche, kas ar 7 653 p\u0101rdotaj\u0101m vien\u012bb\u0101m tom\u0113r apsteidza Tesla, neskatoties uz savu 26% kritumu.<\/p>\n<p>\u0136\u012bnas z\u012bmolu straujais k\u0101pums<\/p>\n<p>BYD nav vien\u012bgais \u0136\u012bnas autora\u017eot\u0101js, kas demonstr\u0113 sp\u0113c\u012bgu izaugsmi. Ar\u012b SAIC Motor, kas p\u0101rst\u0101v MG z\u012bmolu, ir palielin\u0101jis savu tirgus da\u013cu Eirop\u0101, oktobr\u012b re\u0123istr\u0113jot 18 847 automa\u0161\u012bnas. Kopum\u0101 \u0136\u012bnas automa\u0161\u012bnu z\u012bmoli Eiropas tirg\u016b ir dubultoju\u0161i savu tirgus da\u013cu pirmaj\u0101 pusgad\u0101, sasniedzot 5,1%, un turpina strauji palielin\u0101t savu kl\u0101tb\u016btni. Tas da\u013c\u0113ji skaidrojams ar agres\u012bvu cenu politiku un pied\u0101v\u0101jumu da\u017e\u0101d\u0101s auto kategorij\u0101s, tostarp hibr\u012bdos un piln\u012bb\u0101 elektriskos transportl\u012bdzek\u013cus.<\/p>\n<p>Tesla izaicin\u0101jumi un turpm\u0101kie perspekt\u012bvas<\/p>\n<p>Tesla saskaras ar nopietniem izaicin\u0101jumiem Eiropas tirg\u016b, ko izrais\u012bjis gan pastiprin\u0101tais konkur\u0113jo\u0161o z\u012bmolu spiediens, gan ar\u012b ba\u017eas par izstr\u0101d\u0101jumu kvalit\u0101ti un Elon Musk politisko aktivit\u0101\u0161u rad\u012bto publicit\u0101ti. Lai gan Tesla ir izlaidusi jaunas, l\u0113t\u0101kas versijas saviem popul\u0101rajiem mode\u013ciem, tas nav b\u016btiski uzlabojis p\u0101rdo\u0161anas apjomus. Kopum\u0101 gada laik\u0101 Tesla re\u0123istr\u0101cijas Eirop\u0101 saruku\u0161as par aptuveni 30%, kam\u0113r visa elektrisko automobi\u013cu tirgus izaugsme Eirop\u0101 bijusi 26%. \u0160ie skait\u013ci nor\u0101da uz nepiecie\u0161am\u012bbu Tesla veikt strat\u0113\u0123iskas izmai\u0146as, lai atg\u016btu savas poz\u012bcijas Eiropas auto tirg\u016b.<\/p>\n","protected":false},"excerpt":{"rendered":"\u0136\u012bnas autora\u017eot\u0101ju domin\u0113jo\u0161\u0101 kl\u0101tb\u016btne Eiropas tirg\u016b P\u0113d\u0113j\u0101 laik\u0101 v\u0113rojama satrieco\u0161a tendence Eiropas auto industrij\u0101 \u2013 \u0136\u012bnas autora\u017eot\u0101ji, \u012bpa\u0161i&hellip;\n","protected":false},"author":2,"featured_media":59205,"comment_status":"","ping_status":"","sticky":false,"template":"","format":"standard","meta":{"footnotes":""},"categories":[16],"tags":[77,76,229,13461,5080,15744,35,39,38,36,37,34,40,81],"class_list":{"0":"post-59204","1":"post","2":"type-post","3":"status-publish","4":"format-standard","5":"has-post-thumbnail","7":"category-bizness","8":"tag-bizness","9":"tag-business","10":"tag-byd","11":"tag-eiropas-auto-tirgus","12":"tag-elektriskie-transportlidzekli","13":"tag-kinas-automasinas","14":"tag-latvia","15":"tag-latvian","16":"tag-latviesu","17":"tag-latviesu-valoda","18":"tag-latviesuvaloda","19":"tag-latvija","20":"tag-lv","21":"tag-tesla"},"share_on_mastodon":{"url":"https:\/\/pubeurope.com\/@lv\/115616742397728586","error":""},"_links":{"self":[{"href":"https:\/\/www.europesays.com\/lv\/wp-json\/wp\/v2\/posts\/59204","targetHints":{"allow":["GET"]}}],"collection":[{"href":"https:\/\/www.europesays.com\/lv\/wp-json\/wp\/v2\/posts"}],"about":[{"href":"https:\/\/www.europesays.com\/lv\/wp-json\/wp\/v2\/types\/post"}],"author":[{"embeddable":true,"href":"https:\/\/www.europesays.com\/lv\/wp-json\/wp\/v2\/users\/2"}],"replies":[{"embeddable":true,"href":"https:\/\/www.europesays.com\/lv\/wp-json\/wp\/v2\/comments?post=59204"}],"version-history":[{"count":0,"href":"https:\/\/www.europesays.com\/lv\/wp-json\/wp\/v2\/posts\/59204\/revisions"}],"wp:featuredmedia":[{"embeddable":true,"href":"https:\/\/www.europesays.com\/lv\/wp-json\/wp\/v2\/media\/59205"}],"wp:attachment":[{"href":"https:\/\/www.europesays.com\/lv\/wp-json\/wp\/v2\/media?parent=59204"}],"wp:term":[{"taxonomy":"category","embeddable":true,"href":"https:\/\/www.europesays.com\/lv\/wp-json\/wp\/v2\/categories?post=59204"},{"taxonomy":"post_tag","embeddable":true,"href":"https:\/\/www.europesays.com\/lv\/wp-json\/wp\/v2\/tags?post=59204"}],"curies":[{"name":"wp","href":"https:\/\/api.w.org\/{rel}","templated":true}]}}