{"id":59250,"date":"2025-11-26T17:39:19","date_gmt":"2025-11-26T17:39:19","guid":{"rendered":"https:\/\/www.europesays.com\/lv\/59250\/"},"modified":"2025-11-26T17:39:19","modified_gmt":"2025-11-26T17:39:19","slug":"eiropa-atbalstis-ukrainu-lidz-taisniga-miera-panaksanai","status":"publish","type":"post","link":"https:\/\/www.europesays.com\/lv\/59250\/","title":{"rendered":"Eiropa atbalst\u012bs Ukrainu l\u012bdz taisn\u012bga miera pan\u0101k\u0161anai"},"content":{"rendered":"<p>&#8220;Es v\u0113los, lai jau no pa\u0161a s\u0101kuma b\u016btu skaidrs &#8211; Eiropa b\u016bs kop\u0101 ar Ukrainu un atbalst\u012bs Ukrainu katr\u0101 \u0161\u012b ce\u013ca sol\u012b,&#8221; Eiropas parlamenta (EP) deput\u0101tiem sac\u012bja Leiena.<\/p>\n<p>Vair\u0101kas dienas ilgu\u0161aj\u0101s sarun\u0101s, lai preciz\u0113tu ASV pl\u0101nu, ir s\u0101kts likt pamatus iesp\u0113jamam izl\u012bgumam, pauda Leiena, vienlaikus br\u012bdinot &#8211; no Krievijas puses nekas neliecina, ka t\u0101 tie\u0161\u0101m v\u0113las izbeigt karu.<\/p>\n<p>&#8220;J\u0101, situ\u0101cija ir nestabila. J\u0101, situ\u0101cija ir b\u012bstama. Ta\u010du es ticu, ka ir ar\u012b iesp\u0113ja pan\u0101kt re\u0101lu progresu,&#8221; sac\u012bja EK prezidente.<\/p>\n<p>&#8220;Neatkar\u012bgi no t\u0101, k\u0101das b\u016bs n\u0101kotnes miera l\u012bguma aprises, ir skaidrs, ka liela da\u013ca no t\u0101 \u012bsteno\u0161anas b\u016bs Eiropas Savien\u012bbas (ES) un NATO partneru zi\u0146\u0101,&#8221; nor\u0101d\u012bja Leiena.<\/p>\n<p>&#8220;Viens princips ir akcept\u0113ts &#8211; nekas par Ukrainu bez Ukrainas, nekas par Eiropu bez Eiropas,&#8221; rezum\u0113ja EK prezidente.<\/p>\n","protected":false},"excerpt":{"rendered":"&#8220;Es v\u0113los, lai jau no pa\u0161a s\u0101kuma b\u016btu skaidrs &#8211; Eiropa b\u016bs kop\u0101 ar Ukrainu un atbalst\u012bs Ukrainu&hellip;\n","protected":false},"author":2,"featured_media":57871,"comment_status":"","ping_status":"","sticky":false,"template":"","format":"standard","meta":{"footnotes":""},"categories":[5],"tags":[23,15493,28,29,32,33,22,30,31,35,39,38,36,37,34,40,20,26,27,24,25,276,5507,21],"class_list":{"0":"post-59250","1":"post","2":"type-post","3":"status-publish","4":"format-standard","5":"has-post-thumbnail","7":"category-aktualitates","8":"tag-aktualitates","9":"tag-asv-ukrainas-miera-plans","10":"tag-breaking-news","11":"tag-breakingnews","12":"tag-featured-news","13":"tag-featurednews","14":"tag-headlines","15":"tag-latest-news","16":"tag-latestnews","17":"tag-latvia","18":"tag-latvian","19":"tag-latviesu","20":"tag-latviesu-valoda","21":"tag-latviesuvaloda","22":"tag-latvija","23":"tag-lv","24":"tag-news","25":"tag-popularakas-zinas","26":"tag-popularakaszinas","27":"tag-top-stories","28":"tag-topstories","29":"tag-ukraina","30":"tag-urzula-fon-der-leiena","31":"tag-zinas"},"share_on_mastodon":{"url":"https:\/\/pubeurope.com\/@lv\/115617225998889417","error":""},"_links":{"self":[{"href":"https:\/\/www.europesays.com\/lv\/wp-json\/wp\/v2\/posts\/59250","targetHints":{"allow":["GET"]}}],"collection":[{"href":"https:\/\/www.europesays.com\/lv\/wp-json\/wp\/v2\/posts"}],"about":[{"href":"https:\/\/www.europesays.com\/lv\/wp-json\/wp\/v2\/types\/post"}],"author":[{"embeddable":true,"href":"https:\/\/www.europesays.com\/lv\/wp-json\/wp\/v2\/users\/2"}],"replies":[{"embeddable":true,"href":"https:\/\/www.europesays.com\/lv\/wp-json\/wp\/v2\/comments?post=59250"}],"version-history":[{"count":0,"href":"https:\/\/www.europesays.com\/lv\/wp-json\/wp\/v2\/posts\/59250\/revisions"}],"wp:featuredmedia":[{"embeddable":true,"href":"https:\/\/www.europesays.com\/lv\/wp-json\/wp\/v2\/media\/57871"}],"wp:attachment":[{"href":"https:\/\/www.europesays.com\/lv\/wp-json\/wp\/v2\/media?parent=59250"}],"wp:term":[{"taxonomy":"category","embeddable":true,"href":"https:\/\/www.europesays.com\/lv\/wp-json\/wp\/v2\/categories?post=59250"},{"taxonomy":"post_tag","embeddable":true,"href":"https:\/\/www.europesays.com\/lv\/wp-json\/wp\/v2\/tags?post=59250"}],"curies":[{"name":"wp","href":"https:\/\/api.w.org\/{rel}","templated":true}]}}