{"id":59255,"date":"2025-11-26T17:55:08","date_gmt":"2025-11-26T17:55:08","guid":{"rendered":"https:\/\/www.europesays.com\/lv\/59255\/"},"modified":"2025-11-26T17:55:08","modified_gmt":"2025-11-26T17:55:08","slug":"es-tiesas-spriedums-par-laulibu-atzisanu-neliek-latvijai-mainit-ne-satversmi-ne-likumus","status":"publish","type":"post","link":"https:\/\/www.europesays.com\/lv\/59255\/","title":{"rendered":"ES Tiesas spriedums par laul\u012bbu atz\u012b\u0161anu neliek Latvijai main\u012bt ne Satversmi, ne likumus"},"content":{"rendered":"<p>Tiesa uzsv\u0113ra, ka Polijas atteik\u0161an\u0101s re\u0123istr\u0113t vi\u0146u laul\u012bbu ir pretrun\u0101 ar ES ties\u012bb\u0101m un p\u0101rk\u0101pj ne tikai vi\u0146u ties\u012bbas br\u012bvi p\u0101rvietoties un uztur\u0113ties ES teritorij\u0101, bet ar\u012b pamatties\u012bbas uz priv\u0101t\u0101s un \u0123imenes dz\u012bves neaizskaram\u012bbu.<\/p>\n<p>K\u0101 a\u0123ent\u016bru LETA inform\u0113ja ES Tiesas Preses un inform\u0101cijas noda\u013c\u0101, vienlaikus Tiesa nor\u0101d\u012bja, ka t\u0101s ieskat\u0101 atz\u012b\u0161anas pien\u0101kums neaizskar nacion\u0101lo identit\u0101ti un neapdraud sabiedrisko k\u0101rt\u012bbu laul\u0101to izcelsmes dal\u012bbvalst\u012b. Tas nenoz\u012bm\u0113, ka \u0161ai valstij savos ties\u012bbu aktos j\u0101paredz laul\u012bbas starp div\u0101m vien\u0101da dzimuma person\u0101m, uzsv\u0113ra Tiesa.<\/p>\n<p>Turkl\u0101t dal\u012bbvalst\u012bm ir r\u012bc\u012bbas br\u012bv\u012bba izv\u0113l\u0113ties \u0161\u0101das laul\u012bbas atz\u012b\u0161anas k\u0101rt\u012bbu, un \u0101rvalsts laul\u012bbas apliec\u012bbas re\u0123istr\u0101cija ir tikai viens no iesp\u0113jamiem veidiem, skaidroja Tiesa.<\/p>\n<p>Tai pat laik\u0101 tiek uzsv\u0113rts, ka \u0161\u012b k\u0101rt\u012bba nedr\u012bkst padar\u012bt \u0161\u0101du atz\u012b\u0161anu neiesp\u0113jamu vai p\u0101rm\u0113r\u012bgi gr\u016btu, k\u0101 ar\u012b nedr\u012bkst diskrimin\u0113t viendzimuma p\u0101rus to seksu\u0101l\u0101s orient\u0101cijas d\u0113\u013c, un tas, ka valsts ties\u012bbu aktos \u0161\u0101diem p\u0101riem nav paredz\u0113ta atz\u012b\u0161anas k\u0101rt\u012bba, kas b\u016btu l\u012bdzv\u0113rt\u012bga pret\u0113ja dzimuma p\u0101riem pie\u0161\u0137irtajai k\u0101rt\u012bbai, ir \u0161\u0101da diskrimin\u0101cija.<\/p>\n<p>&#8220;T\u0101tad, t\u0101 k\u0101 re\u0123istr\u0101cija ir vien\u012bgais Polijas ties\u012bbu aktos paredz\u0113tais l\u012bdzeklis, k\u0101 administrat\u012bv\u0101s iest\u0101des var faktiski atz\u012bt cit\u0101 dal\u012bbvalst\u012b nosl\u0113gtu laul\u012bbu, Polijai ir pien\u0101kums to piem\u0113rot vien\u0101di gan viendzimuma, gan pret\u0113ja dzimuma personu laul\u012bb\u0101m,&#8221; rezum\u0113ja ES Tiesa.<\/p>\n","protected":false},"excerpt":{"rendered":"Tiesa uzsv\u0113ra, ka Polijas atteik\u0161an\u0101s re\u0123istr\u0113t vi\u0146u laul\u012bbu ir pretrun\u0101 ar ES ties\u012bb\u0101m un p\u0101rk\u0101pj ne tikai vi\u0146u&hellip;\n","protected":false},"author":2,"featured_media":59256,"comment_status":"","ping_status":"","sticky":false,"template":"","format":"standard","meta":{"footnotes":""},"categories":[14],"tags":[23,57,28,29,816,9081,32,33,22,30,31,35,39,38,36,37,34,3945,15760,40,20,26,27,2022,24,25,54,55,56,21,58],"class_list":{"0":"post-59255","1":"post","2":"type-post","3":"status-publish","4":"format-standard","5":"has-post-thumbnail","7":"category-zinas-no-arvalstim","8":"tag-aktualitates","9":"tag-arvalstim","10":"tag-breaking-news","11":"tag-breakingnews","12":"tag-edgars-rinkevics","13":"tag-eiropas-savieniba-es","14":"tag-featured-news","15":"tag-featurednews","16":"tag-headlines","17":"tag-latest-news","18":"tag-latestnews","19":"tag-latvia","20":"tag-latvian","21":"tag-latviesu","22":"tag-latviesu-valoda","23":"tag-latviesuvaloda","24":"tag-latvija","25":"tag-lauliba","26":"tag-likumi","27":"tag-lv","28":"tag-news","29":"tag-popularakas-zinas","30":"tag-popularakaszinas","31":"tag-satversme","32":"tag-top-stories","33":"tag-topstories","34":"tag-world","35":"tag-world-news","36":"tag-worldnews","37":"tag-zinas","38":"tag-zinas-no-arvalstim"},"share_on_mastodon":{"url":"https:\/\/pubeurope.com\/@lv\/115617288887040398","error":""},"_links":{"self":[{"href":"https:\/\/www.europesays.com\/lv\/wp-json\/wp\/v2\/posts\/59255","targetHints":{"allow":["GET"]}}],"collection":[{"href":"https:\/\/www.europesays.com\/lv\/wp-json\/wp\/v2\/posts"}],"about":[{"href":"https:\/\/www.europesays.com\/lv\/wp-json\/wp\/v2\/types\/post"}],"author":[{"embeddable":true,"href":"https:\/\/www.europesays.com\/lv\/wp-json\/wp\/v2\/users\/2"}],"replies":[{"embeddable":true,"href":"https:\/\/www.europesays.com\/lv\/wp-json\/wp\/v2\/comments?post=59255"}],"version-history":[{"count":0,"href":"https:\/\/www.europesays.com\/lv\/wp-json\/wp\/v2\/posts\/59255\/revisions"}],"wp:featuredmedia":[{"embeddable":true,"href":"https:\/\/www.europesays.com\/lv\/wp-json\/wp\/v2\/media\/59256"}],"wp:attachment":[{"href":"https:\/\/www.europesays.com\/lv\/wp-json\/wp\/v2\/media?parent=59255"}],"wp:term":[{"taxonomy":"category","embeddable":true,"href":"https:\/\/www.europesays.com\/lv\/wp-json\/wp\/v2\/categories?post=59255"},{"taxonomy":"post_tag","embeddable":true,"href":"https:\/\/www.europesays.com\/lv\/wp-json\/wp\/v2\/tags?post=59255"}],"curies":[{"name":"wp","href":"https:\/\/api.w.org\/{rel}","templated":true}]}}