{"id":59257,"date":"2025-11-26T17:57:20","date_gmt":"2025-11-26T17:57:20","guid":{"rendered":"https:\/\/www.europesays.com\/lv\/59257\/"},"modified":"2025-11-26T17:57:20","modified_gmt":"2025-11-26T17:57:20","slug":"video-%e2%9f%a9-palsu-purva-notikusi-speciga-purva-gazes-izplude","status":"publish","type":"post","link":"https:\/\/www.europesays.com\/lv\/59257\/","title":{"rendered":"VIDEO \u27e9 Pal\u0161u purv\u0101 notikusi sp\u0113c\u012bga purva g\u0101zes izpl\u016bde"},"content":{"rendered":"<p>Darbu izrais\u012bt\u0101s purva g\u0101zes pl\u016bsmas sp\u0113ks bija pietiekami liels, lai mestu gais\u0101 izurbt\u0101 k\u016bdras materi\u0101la fragmentus. G\u0101zes izpl\u016bde uzreiz tika aptur\u0113ta, aizberot \u0123eotehnisk\u0101s izp\u0113tes urbumu ar izurbto materi\u0101lu. Lai ar\u012b izpl\u016bde bija sp\u0113c\u012bga, briesmas apk\u0101rt\u0113jai videi vai cilv\u0113kiem netika rad\u012btas.<\/p>\n<p>K\u0101 skaidro LVM, \u0123eotehnisk\u0101s izp\u0113tes urbumi tiek ier\u012bkoti, lai ieg\u016btu prec\u012bzus datus par k\u016bdras sl\u0101\u0146u biezumu purv\u0101. Ieg\u016bt\u0101 inform\u0101cija ir noz\u012bm\u012bga turpm\u0101ko darbu pl\u0101no\u0161an\u0101, \u0146emot v\u0113r\u0101, ka \u0161aj\u0101 viet\u0101 LVM ne vien atjaunos purva ekosist\u0113mu, bet ar\u012b ier\u012bkos t\u016brisma taku.<\/p>\n<p>&#8220;Atbilsto\u0161i izp\u0113tes rezult\u0101tiem g\u0101zes izpl\u016bdes viet\u0101 k\u016bdras sl\u0101\u0146a biezums ir 3,7 m, dzi\u013c\u0101k iegu\u013c no led\u0101ja ku\u0161anas \u016bde\u0146iem izgulsn\u0113ta smilts ar grants graudiem. Citos izp\u0113tes urbumos Pal\u0161u purva darbu teritorij\u0101 miner\u0101lgrunti p\u0101rsvar\u0101 veido m\u0101laini nogulumi, kuros <a href=\"https:\/\/www.apollo.lv\/term\/658369\/gaze\" class=\"topicLink\" target=\"_blank\" rel=\"nofollow noopener\">g\u0101ze<\/a> neuzkr\u0101jas.<\/p>\n<p>Purva g\u0101ze ir met\u0101na un og\u013csk\u0101b\u0101s g\u0101zes mais\u012bjums. T\u0101 veidojas bezsk\u0101bek\u013ca apst\u0101k\u013cos, pak\u0101peniski no\u0101rdoties organiskaj\u0101m viel\u0101m \u2013 purva augu atliek\u0101m jeb k\u016bdrai,&#8221; teiks LVM zi\u0146ojum\u0101.<\/p>\n","protected":false},"excerpt":{"rendered":"Darbu izrais\u012bt\u0101s purva g\u0101zes pl\u016bsmas sp\u0113ks bija pietiekami liels, lai mestu gais\u0101 izurbt\u0101 k\u016bdras materi\u0101la fragmentus. G\u0101zes izpl\u016bde&hellip;\n","protected":false},"author":2,"featured_media":59258,"comment_status":"","ping_status":"","sticky":false,"template":"","format":"standard","meta":{"footnotes":""},"categories":[5],"tags":[23,28,29,32,33,3568,22,30,31,35,39,38,36,37,34,664,40,20,26,27,14949,24,25,21],"class_list":{"0":"post-59257","1":"post","2":"type-post","3":"status-publish","4":"format-standard","5":"has-post-thumbnail","7":"category-aktualitates","8":"tag-aktualitates","9":"tag-breaking-news","10":"tag-breakingnews","11":"tag-featured-news","12":"tag-featurednews","13":"tag-gaze","14":"tag-headlines","15":"tag-latest-news","16":"tag-latestnews","17":"tag-latvia","18":"tag-latvian","19":"tag-latviesu","20":"tag-latviesu-valoda","21":"tag-latviesuvaloda","22":"tag-latvija","23":"tag-latvijas-valsts-mezi","24":"tag-lv","25":"tag-news","26":"tag-popularakas-zinas","27":"tag-popularakaszinas","28":"tag-purvs","29":"tag-top-stories","30":"tag-topstories","31":"tag-zinas"},"share_on_mastodon":{"url":"https:\/\/pubeurope.com\/@lv\/115617296894189183","error":""},"_links":{"self":[{"href":"https:\/\/www.europesays.com\/lv\/wp-json\/wp\/v2\/posts\/59257","targetHints":{"allow":["GET"]}}],"collection":[{"href":"https:\/\/www.europesays.com\/lv\/wp-json\/wp\/v2\/posts"}],"about":[{"href":"https:\/\/www.europesays.com\/lv\/wp-json\/wp\/v2\/types\/post"}],"author":[{"embeddable":true,"href":"https:\/\/www.europesays.com\/lv\/wp-json\/wp\/v2\/users\/2"}],"replies":[{"embeddable":true,"href":"https:\/\/www.europesays.com\/lv\/wp-json\/wp\/v2\/comments?post=59257"}],"version-history":[{"count":0,"href":"https:\/\/www.europesays.com\/lv\/wp-json\/wp\/v2\/posts\/59257\/revisions"}],"wp:featuredmedia":[{"embeddable":true,"href":"https:\/\/www.europesays.com\/lv\/wp-json\/wp\/v2\/media\/59258"}],"wp:attachment":[{"href":"https:\/\/www.europesays.com\/lv\/wp-json\/wp\/v2\/media?parent=59257"}],"wp:term":[{"taxonomy":"category","embeddable":true,"href":"https:\/\/www.europesays.com\/lv\/wp-json\/wp\/v2\/categories?post=59257"},{"taxonomy":"post_tag","embeddable":true,"href":"https:\/\/www.europesays.com\/lv\/wp-json\/wp\/v2\/tags?post=59257"}],"curies":[{"name":"wp","href":"https:\/\/api.w.org\/{rel}","templated":true}]}}