{"id":59273,"date":"2025-11-26T18:11:14","date_gmt":"2025-11-26T18:11:14","guid":{"rendered":"https:\/\/www.europesays.com\/lv\/59273\/"},"modified":"2025-11-26T18:11:14","modified_gmt":"2025-11-26T18:11:14","slug":"video-%e2%9f%a9-sviniga-ceremonija-iedegta-milanas-kortinas-dampeco-olimpisko-spelu-uguns","status":"publish","type":"post","link":"https:\/\/www.europesays.com\/lv\/59273\/","title":{"rendered":"VIDEO \u27e9 Svin\u012bg\u0101 ceremonij\u0101 iedegta Mil\u0101nas-Kort\u012bnas d&#8217;Ampeco olimpisko sp\u0113\u013cu uguns"},"content":{"rendered":"<p>&#8220;Sa\u0161\u0137eltaj\u0101 pasaul\u0113, kur\u0101 m\u0113s \u0161odien dz\u012bvojam, olimpiskaj\u0101m sp\u0113l\u0113m ir patiesi simboliska vieta,&#8221; svin\u012bgaj\u0101 l\u0101pas iedeg\u0161anas ceremonij\u0101 Olimpijas Arheolo\u0123ijas muzej\u0101 teica Starptautisk\u0101s Olimpisk\u0101s komitejas (SOK) prezidente Kirstija Koventrija.<\/p>\n<p>&#8220;M\u016bsu pien\u0101kums, m\u016bsu atbild\u012bba ir nodro\u0161in\u0101t, lai sportisti no visas pasaules var\u0113tu mier\u012bgi san\u0101kt kop\u0101,&#8221; vi\u0146a teica.<\/p>\n<p>P\u0113c 4. decembra olimpisk\u0101 uguns p\u0113c ceremonijas At\u0113nu Panat\u0113niskaj\u0101 stadion\u0101, kur 1896. gad\u0101 tika atdz\u012bvin\u0101tas pirm\u0101s m\u016bsdienu olimpisk\u0101s sp\u0113les, s\u0101ks ce\u013cu uz Romu 63 dienu ilg\u0101 un 12 000 kilometrus gar\u0101 mar\u0161rut\u0101, kas ved\u012bs pa It\u0101lijas liel\u0101kaj\u0101m pils\u0113t\u0101m un Pompeju arheolo\u0123isko izrakumu vietu.<\/p>\n<p>Olimpisko sp\u0113\u013cu sacens\u012bbas norisin\u0101sies se\u0161\u0101s viet\u0101s &#8211; Mil\u0101n\u0101, Antholc\u0101-Anterselv\u0101, Kort\u012bn\u0101, Bormio, Livinjo un Predaco-Tesero.<\/p>\n<p>Lai gan sporta pas\u0101kumi br\u012bv\u0101 dab\u0101 notiks pietiekami liel\u0101 augstum\u0101, Mil\u0101nas-Kort\u012bnas sp\u0113\u013cu organizatori katram gad\u012bjumam uzkr\u0101j m\u0101ksl\u012bgo sniegu.<\/p>\n<p>Mil\u0101nas-Kort\u012bnas sp\u0113l\u0113s tiks p\u0101rst\u0101v\u0113ti 16 sporta veidi &#8211; \u0101trslido\u0161ana, biatlons, bobslejs, dai\u013cslido\u0161ana, distan\u010du sl\u0113po\u0161ana, fr\u012bstaila sl\u0113po\u0161ana, hokejs, kalnu sl\u0113po\u0161ana, kamani\u0146u sports, k\u0113rlings, skeletons, sl\u0113po\u0161anas alp\u012bnisms, kas pirmo reizi iek\u013cauts olimpisko sp\u0113\u013cu programm\u0101, snovbords, \u0161orttreks, trampl\u012bnl\u0113k\u0161ana, zieme\u013cu divc\u012b\u0146a.<\/p>\n<p>Sp\u0113les tiks atkl\u0101tas 6. febru\u0101r\u012b Mil\u0101n\u0101 un nosl\u0113gsies 22. febru\u0101r\u012b Ven\u0113cij\u0101.<\/p>\n<p>Ziemas paralimpisk\u0101s sp\u0113les notiks no 6. l\u012bdz 15. martam.<\/p>\n","protected":false},"excerpt":{"rendered":"&#8220;Sa\u0161\u0137eltaj\u0101 pasaul\u0113, kur\u0101 m\u0113s \u0161odien dz\u012bvojam, olimpiskaj\u0101m sp\u0113l\u0113m ir patiesi simboliska vieta,&#8221; svin\u012bgaj\u0101 l\u0101pas iedeg\u0161anas ceremonij\u0101 Olimpijas Arheolo\u0123ijas&hellip;\n","protected":false},"author":2,"featured_media":59274,"comment_status":"","ping_status":"","sticky":false,"template":"","format":"standard","meta":{"footnotes":""},"categories":[17],"tags":[35,39,38,36,37,34,40,1500,67,527],"class_list":{"0":"post-59273","1":"post","2":"type-post","3":"status-publish","4":"format-standard","5":"has-post-thumbnail","7":"category-sports","8":"tag-latvia","9":"tag-latvian","10":"tag-latviesu","11":"tag-latviesu-valoda","12":"tag-latviesuvaloda","13":"tag-latvija","14":"tag-lv","15":"tag-olimpiskas-speles","16":"tag-sports","17":"tag-ziemas-olimpiskas-speles"},"share_on_mastodon":{"url":"https:\/\/pubeurope.com\/@lv\/115617351693407899","error":""},"_links":{"self":[{"href":"https:\/\/www.europesays.com\/lv\/wp-json\/wp\/v2\/posts\/59273","targetHints":{"allow":["GET"]}}],"collection":[{"href":"https:\/\/www.europesays.com\/lv\/wp-json\/wp\/v2\/posts"}],"about":[{"href":"https:\/\/www.europesays.com\/lv\/wp-json\/wp\/v2\/types\/post"}],"author":[{"embeddable":true,"href":"https:\/\/www.europesays.com\/lv\/wp-json\/wp\/v2\/users\/2"}],"replies":[{"embeddable":true,"href":"https:\/\/www.europesays.com\/lv\/wp-json\/wp\/v2\/comments?post=59273"}],"version-history":[{"count":0,"href":"https:\/\/www.europesays.com\/lv\/wp-json\/wp\/v2\/posts\/59273\/revisions"}],"wp:featuredmedia":[{"embeddable":true,"href":"https:\/\/www.europesays.com\/lv\/wp-json\/wp\/v2\/media\/59274"}],"wp:attachment":[{"href":"https:\/\/www.europesays.com\/lv\/wp-json\/wp\/v2\/media?parent=59273"}],"wp:term":[{"taxonomy":"category","embeddable":true,"href":"https:\/\/www.europesays.com\/lv\/wp-json\/wp\/v2\/categories?post=59273"},{"taxonomy":"post_tag","embeddable":true,"href":"https:\/\/www.europesays.com\/lv\/wp-json\/wp\/v2\/tags?post=59273"}],"curies":[{"name":"wp","href":"https:\/\/api.w.org\/{rel}","templated":true}]}}