{"id":59295,"date":"2025-11-26T19:27:08","date_gmt":"2025-11-26T19:27:08","guid":{"rendered":"https:\/\/www.europesays.com\/lv\/59295\/"},"modified":"2025-11-26T19:27:08","modified_gmt":"2025-11-26T19:27:08","slug":"foto-un-video-%e2%9f%a9-dzivojamo-namu-kompleksa-honkonga-plosas-ugunsgreks-boja-gajusi-vismaz-36-cilveki","status":"publish","type":"post","link":"https:\/\/www.europesays.com\/lv\/59295\/","title":{"rendered":"FOTO UN VIDEO \u27e9 Dz\u012bvojamo namu kompleks\u0101 Honkong\u0101 plos\u0101s ugunsgr\u0113ks. Boj\u0101 g\u0101ju\u0161i vismaz 36 cilv\u0113ki"},"content":{"rendered":"<p>Izsaukumu uz notikuma vietu ugunsdz\u0113s\u0113ji sa\u0146\u0113mu\u0161i tre\u0161dienas p\u0113cpusdien\u0101. S\u0101kotn\u0113ji ugunsgr\u0113ka b\u012bstam\u012bbas pak\u0101pe tika noteikta 4. l\u012bmen\u012b, ta\u010du tagad t\u0101 ir paaugstin\u0101ta l\u012bdz 5. pak\u0101pei, kas ir augst\u0101kais ugunsgr\u0113ka b\u012bstam\u012bbas l\u012bmenis.<\/p>\n<blockquote class=\"twitter-tweet\">\n<p lang=\"en\" dir=\"ltr\">This fire in Hong Kong\u2019s Tai Po district killed at least 13 people (including a fire man). It\u2019s raging out of control through 7 of 8 towers of this public housing development that\u2019s home to more than 4,000 people<a href=\"https:\/\/twitter.com\/hashtag\/HongKong?src=hash&amp;ref_src=twsrc%5Etfw\" rel=\"nofollow noopener\" target=\"_blank\">#HongKong<\/a> <a href=\"https:\/\/t.co\/vZvljZrclM\" rel=\"nofollow\">pic.twitter.com\/vZvljZrclM<\/a><\/p>\n<p>\u2014 Ivan Watson (@IvanCNN) <a href=\"https:\/\/twitter.com\/IvanCNN\/status\/1993672090730508457?ref_src=twsrc%5Etfw\" rel=\"nofollow noopener\" target=\"_blank\">November 26, 2025<\/a><\/p><\/blockquote>\n<p>Taipo rajona \u0113ku kompleks\u0101 ietilpst asto\u0146i daudzst\u0101vu daudzdz\u012bvok\u013cu nami. Komplekss sast\u0101v no 1984 dz\u012bvok\u013ciem, kuros dz\u012bvo aptuveni 4600 iedz\u012bvot\u0101ju, raksta BBC.<\/p>\n<p>Ugunsgr\u0113ka dz\u0113\u0161anas darbi turpin\u0101s vair\u0101kas stundas: pa\u0161laik ir zin\u0101ms par 36 miru\u0161ajiem, ta\u010du nav skaidrs, cik daudz cilv\u0113ki v\u0113l atrodas dego\u0161aj\u0101s \u0113k\u0101s. Evaku\u0113ts vair\u0101k nek\u0101 t\u016bkstotis m\u0101ju iedz\u012bvot\u0101ju. Dz\u0113\u0161anas darbos piedal\u0101s aptuveni 700 ugunsdz\u0113s\u0113ju, viens ugunsdz\u0113s\u0113js g\u0101jis boj\u0101.<\/p>\n<p>Ugunsgr\u0113ka c\u0113lonis nav zin\u0101ms.<\/p>\n<p><script async src=\"https:\/\/platform.twitter.com\/widgets.js\" charset=\"utf-8\"><\/script><\/p>\n","protected":false},"excerpt":{"rendered":"Izsaukumu uz notikuma vietu ugunsdz\u0113s\u0113ji sa\u0146\u0113mu\u0161i tre\u0161dienas p\u0113cpusdien\u0101. S\u0101kotn\u0113ji ugunsgr\u0113ka b\u012bstam\u012bbas pak\u0101pe tika noteikta 4. l\u012bmen\u012b, ta\u010du tagad&hellip;\n","protected":false},"author":2,"featured_media":59296,"comment_status":"","ping_status":"","sticky":false,"template":"","format":"standard","meta":{"footnotes":""},"categories":[5],"tags":[23,28,29,32,33,22,8114,30,31,35,39,38,36,37,34,40,20,26,27,24,25,377,21],"class_list":{"0":"post-59295","1":"post","2":"type-post","3":"status-publish","4":"format-standard","5":"has-post-thumbnail","7":"category-aktualitates","8":"tag-aktualitates","9":"tag-breaking-news","10":"tag-breakingnews","11":"tag-featured-news","12":"tag-featurednews","13":"tag-headlines","14":"tag-honkonga","15":"tag-latest-news","16":"tag-latestnews","17":"tag-latvia","18":"tag-latvian","19":"tag-latviesu","20":"tag-latviesu-valoda","21":"tag-latviesuvaloda","22":"tag-latvija","23":"tag-lv","24":"tag-news","25":"tag-popularakas-zinas","26":"tag-popularakaszinas","27":"tag-top-stories","28":"tag-topstories","29":"tag-ugunsgreks","30":"tag-zinas"},"share_on_mastodon":{"url":"https:\/\/pubeurope.com\/@lv\/115617650600681293","error":""},"_links":{"self":[{"href":"https:\/\/www.europesays.com\/lv\/wp-json\/wp\/v2\/posts\/59295","targetHints":{"allow":["GET"]}}],"collection":[{"href":"https:\/\/www.europesays.com\/lv\/wp-json\/wp\/v2\/posts"}],"about":[{"href":"https:\/\/www.europesays.com\/lv\/wp-json\/wp\/v2\/types\/post"}],"author":[{"embeddable":true,"href":"https:\/\/www.europesays.com\/lv\/wp-json\/wp\/v2\/users\/2"}],"replies":[{"embeddable":true,"href":"https:\/\/www.europesays.com\/lv\/wp-json\/wp\/v2\/comments?post=59295"}],"version-history":[{"count":0,"href":"https:\/\/www.europesays.com\/lv\/wp-json\/wp\/v2\/posts\/59295\/revisions"}],"wp:featuredmedia":[{"embeddable":true,"href":"https:\/\/www.europesays.com\/lv\/wp-json\/wp\/v2\/media\/59296"}],"wp:attachment":[{"href":"https:\/\/www.europesays.com\/lv\/wp-json\/wp\/v2\/media?parent=59295"}],"wp:term":[{"taxonomy":"category","embeddable":true,"href":"https:\/\/www.europesays.com\/lv\/wp-json\/wp\/v2\/categories?post=59295"},{"taxonomy":"post_tag","embeddable":true,"href":"https:\/\/www.europesays.com\/lv\/wp-json\/wp\/v2\/tags?post=59295"}],"curies":[{"name":"wp","href":"https:\/\/api.w.org\/{rel}","templated":true}]}}