{"id":59301,"date":"2025-11-26T19:39:22","date_gmt":"2025-11-26T19:39:22","guid":{"rendered":"https:\/\/www.europesays.com\/lv\/59301\/"},"modified":"2025-11-26T19:39:22","modified_gmt":"2025-11-26T19:39:22","slug":"varu-atzities-es-pieliku-pirkstu-pie-ta-lai-magone-vairs-nebutu-kopa-ar-edgaru-vispar","status":"publish","type":"post","link":"https:\/\/www.europesays.com\/lv\/59301\/","title":{"rendered":"Varu atz\u012bties \u2013 es pieliku pirkstu pie t\u0101, lai Magone vairs neb\u016btu kop\u0101 ar Edgaru visp\u0101r"},"content":{"rendered":"<p>Dzied\u0101t\u0101js Ain\u0101rs Bumbieris nupat nosl\u0113dzis koncertt\u016bri &#8220;Manas t\u0113vzemes st\u0101sts&#8221;, kur\u0101 \u012bpa\u0161\u0101 vie\u0161\u0146a bija \u0161ova &#8220;Slaven\u012bbas. Bez filtra&#8221; dal\u012bbniece un dzejniece Magone Liedeskalna. Da\u013c\u0101 koncertu Magonei pievienoj\u0101s ar\u012b vi\u0146as kavalieris Edgars, kur\u0161 jau iepriek\u0161 bija atzinis, ka izj\u016bt greizsird\u012bbu pret Ainaru. Savuk\u0101rt Ain\u0101ra attieksme pret Edgaru ar\u012b nebija gr\u016bti nolas\u0101ma. Tagad sarun\u0101 ar 1188.lv Ainars visu izkl\u0101sta atkl\u0101ti \u2013 k\u0101p\u0113c Edgaram tika liegts piedal\u012bties p\u0101r\u0113jos koncertos, k\u0101di aizkuli\u0161u notikumi paliku\u0161i aiz skat\u012bt\u0101ju ac\u012bm, un ko vi\u0146\u0161 paties\u012bb\u0101 dom\u0101 par Magones kavalieri.<\/p>\n<p>M\u016bzi\u0137is intervij\u0101 nesl\u0113pj, ka Edgars koncertt\u016br\u0113 Magonei l\u012bdz\u0101s bijis vien\u012bgi k\u0101 \u0161oferis, un atkl\u0101j ar\u012b savu patieso viedokli par vi\u0146a kl\u0101tb\u016btni un uzved\u012bbu.<\/p>\n<p>&#8220;Magone grib\u0113ja, lai vi\u0146\u0161 [Edgars] vi\u0146u vestu. Es k\u0101 producents ar\u012b piekr\u012btu, lai vi\u0146\u0161 ir \u0161oferis, bet tikai uz diviem koncertiem gan. Vi\u0146\u0161 visp\u0101r nav komandas sp\u0113l\u0113t\u0101js, <\/p>\n<blockquote><p>vi\u0146\u0161 izveda no paciet\u012bbas piln\u012bgi visus komandas dal\u012bbniekus \u2013 operatorus, film\u0113t\u0101jus, pa\u0161u Magoni. Es vi\u0146am p\u0113c otr\u0101 koncerta aizliedzu dar\u012bt jeb ko. <\/p><\/blockquote>\n<p>Vi\u0146\u0161 sp\u0113j no paciet\u012bbas izvest jebkuru cilv\u0113ku. Vi\u0146\u0161 pats ir \u013coti nep\u0101rliecin\u0101ts, nezino\u0161s, neko l\u012bdz galam \u012bsti nedaro\u0161s. Vi\u0146\u0161 visu bija aizmirsis, vi\u0146\u0161 m\u0101c\u0113ja trauc\u0113t jebkuros nepiem\u0113rotos br\u012b\u017eos. Tas bija diezgan briesm\u012bgi,<\/p>\n<blockquote><p> t\u0101p\u0113c es varu atz\u012bties, ka es pieliku pirkstu pie t\u0101, lai Magone vairs neb\u016btu kop\u0101 ar Edgaru visp\u0101r. <\/p><\/blockquote>\n<p>Es biju tas, kur\u0161 pirmais pateica, ka Magonei ar Edgaru nav j\u0101b\u016bt kop\u0101, un Edgaram Magonei vairs nav j\u0101zvana un nekas nav j\u0101saka, ka vi\u0146us esmu iz\u0161\u0137\u012bris es. Magone man pateica: &#8220;Paldies Tev, Ainar, aleluja, ka esmu vi\u0146us atpest\u012bjis.<\/p>\n<blockquote><p>Ja telev\u012bzijas skat\u012bt\u0101ji k\u0101du grib vainot pie t\u0101, ka Magone ar Edgaru vairs neb\u016bs kop\u0101, tad t\u0101 ir nevis Magone vai DNS tests, bet tas esmu es! Paldies!<\/p><\/blockquote>\n<p>V\u0113l gan ir daudz neatbild\u0113tu jaut\u0101jumu Magones un Edgara starp\u0101, k\u0101, piem\u0113ram tas, ko atkl\u0101s DNS tests. Ja tom\u0113r izr\u0101d\u012bsies, ka abi ir asinsradinieks, kas notiks t\u0101l\u0101k?!<\/p>\n<blockquote><p>K\u0101 risin\u0101sies Magones un Edgara attiec\u012bbas skaties \u0161ovu &#8220;Slaven\u012bbas. Bez filtra&#8221; no pirmdienas l\u012bdz ceturtdienai STV Pirm\u0101! plkst. 19:15!<\/p><\/blockquote>\n<p>Lasi ar\u012b!<\/p>\n<p>&#13;<br \/>\n&#13;<br \/>\n<a target=\"_blank\" href=\"https:\/\/www.1188.lv\/zinas\/magone-sim-savu-miesu-nedos-soctiklos-virmo-skalas-diskusijas-ap-magones-un-edgara-radinieku-teoriju\/58039\" rel=\"nofollow noopener\">&#8220;Magone \u0161im savu miesu nedos!&#8221; Soct\u012bklos virmo ska\u013cas diskusijas ap Magones un Edgara &#8220;radinieku teoriju&#8221;<\/a>&#13;<br \/>\n&#13;<br \/>\n<\/p>\n<p>&#13;<br \/>\n&#13;<br \/>\n<a target=\"_blank\" href=\"https:\/\/www.1188.lv\/zinas\/ainars-bumbieris-pajoko-par-magones-kavalieri-es-edgaram-teicu-gredzens-nav-pirksta-briva-meitene\/58041\" rel=\"nofollow noopener\">Ainars Bumbieris pajoko par Magones kavalieri: &#8220;Es Edgaram teicu \u2013 gredzens nav pirkst\u0101. Br\u012bva meitene&#8221;<\/a>&#13;<br \/>\n&#13;<br \/>\n<\/p>\n<p>&#13;<br \/>\n&#13;<br \/>\n<a target=\"_blank\" href=\"https:\/\/www.1188.lv\/zinas\/vai-asins-radinieki-magone-edgaram-beidzot-atklaj-savas-aizdomas\/57914\" rel=\"nofollow noopener\">Vai asins radinieki? Magone Edgaram beidzot atkl\u0101j savas aizdomas<\/a>&#13;<br \/>\n&#13;<br \/>\n<\/p>\n<p>&#13;<br \/>\n&#13;<br \/>\n<a target=\"_blank\" href=\"https:\/\/www.1188.lv\/zinas\/magonei-edgara-doma-ka-starp-vinu-un-ainaru-bumbieri-varetu-but-kas-vairak-skiet-absurda\/58167\" rel=\"nofollow noopener\">Magonei Edgara doma, ka starp vi\u0146u un Ainaru Bumbieri var\u0113tu b\u016bt kas vair\u0101k, \u0161\u0137iet absurda<\/a>&#13;<br \/>\n&#13;<br \/>\n<\/p>\n<p>&#13;<br \/>\n&#13;<br \/>\n<a target=\"_blank\" href=\"https:\/\/www.1188.lv\/zinas\/ainars-bumbieris-atzistas-pirmais-magoni-atradu-es\/57061\" rel=\"nofollow noopener\">Ainars Bumbieris atz\u012bstas: &#8220;Pirmais Magoni atradu es!&#8221;<\/a>&#13;<br \/>\n&#13;<br \/>\n<\/p>\n<p><img decoding=\"async\" src=\"https:\/\/www.europesays.com\/lv\/wp-content\/uploads\/2025\/11\/5407bec4852496752605adaf878af6ca.png\" title=\"Magone Liedeskalna\/Facebook\" alt=\"Magone Liedeskalna\/Facebook\"\/><\/p>\n<p class=\"article-img-desc\">Magone Liedeskalna\/Facebook<\/p>\n","protected":false},"excerpt":{"rendered":"Dzied\u0101t\u0101js Ain\u0101rs Bumbieris nupat nosl\u0113dzis koncertt\u016bri &#8220;Manas t\u0113vzemes st\u0101sts&#8221;, kur\u0101 \u012bpa\u0161\u0101 vie\u0161\u0146a bija \u0161ova &#8220;Slaven\u012bbas. Bez filtra&#8221; dal\u012bbniece&hellip;\n","protected":false},"author":2,"featured_media":59302,"comment_status":"","ping_status":"","sticky":false,"template":"","format":"standard","meta":{"footnotes":""},"categories":[5],"tags":[129,1776,3889,15779,3886,23,28,29,32,33,22,30,31,35,39,38,36,37,34,40,20,26,27,15780,1777,3887,3890,15781,1778,3888,3891,24,25,21],"class_list":{"0":"post-59301","1":"post","2":"type-post","3":"status-publish","4":"format-standard","5":"has-post-thumbnail","7":"category-aktualitates","8":"tag-__typenameadvicekeyword","9":"tag-id1173","10":"tag-id1490","11":"tag-id1938","12":"tag-id451","13":"tag-aktualitates","14":"tag-breaking-news","15":"tag-breakingnews","16":"tag-featured-news","17":"tag-featurednews","18":"tag-headlines","19":"tag-latest-news","20":"tag-latestnews","21":"tag-latvia","22":"tag-latvian","23":"tag-latviesu","24":"tag-latviesu-valoda","25":"tag-latviesuvaloda","26":"tag-latvija","27":"tag-lv","28":"tag-news","29":"tag-popularakas-zinas","30":"tag-popularakaszinas","31":"tag-slugainars-bumbieris","32":"tag-slugattiecibas","33":"tag-slugmagone-liedeskalna","34":"tag-slugradits-1188","35":"tag-titleainars-bumbieris","36":"tag-titleattiecibas","37":"tag-titlemagone-liedeskalna","38":"tag-titleradits-1188","39":"tag-top-stories","40":"tag-topstories","41":"tag-zinas"},"share_on_mastodon":{"url":"","error":"Validation failed: Text character limit of 500 exceeded"},"_links":{"self":[{"href":"https:\/\/www.europesays.com\/lv\/wp-json\/wp\/v2\/posts\/59301","targetHints":{"allow":["GET"]}}],"collection":[{"href":"https:\/\/www.europesays.com\/lv\/wp-json\/wp\/v2\/posts"}],"about":[{"href":"https:\/\/www.europesays.com\/lv\/wp-json\/wp\/v2\/types\/post"}],"author":[{"embeddable":true,"href":"https:\/\/www.europesays.com\/lv\/wp-json\/wp\/v2\/users\/2"}],"replies":[{"embeddable":true,"href":"https:\/\/www.europesays.com\/lv\/wp-json\/wp\/v2\/comments?post=59301"}],"version-history":[{"count":0,"href":"https:\/\/www.europesays.com\/lv\/wp-json\/wp\/v2\/posts\/59301\/revisions"}],"wp:featuredmedia":[{"embeddable":true,"href":"https:\/\/www.europesays.com\/lv\/wp-json\/wp\/v2\/media\/59302"}],"wp:attachment":[{"href":"https:\/\/www.europesays.com\/lv\/wp-json\/wp\/v2\/media?parent=59301"}],"wp:term":[{"taxonomy":"category","embeddable":true,"href":"https:\/\/www.europesays.com\/lv\/wp-json\/wp\/v2\/categories?post=59301"},{"taxonomy":"post_tag","embeddable":true,"href":"https:\/\/www.europesays.com\/lv\/wp-json\/wp\/v2\/tags?post=59301"}],"curies":[{"name":"wp","href":"https:\/\/api.w.org\/{rel}","templated":true}]}}