{"id":59333,"date":"2025-11-26T21:09:11","date_gmt":"2025-11-26T21:09:11","guid":{"rendered":"https:\/\/www.europesays.com\/lv\/59333\/"},"modified":"2025-11-26T21:09:11","modified_gmt":"2025-11-26T21:09:11","slug":"sesks-francis-sak-ar-3-vietu-sauda-arabijas-wrc-pirmaja-atrumposma-motoru-sports-sportacentrs-com","status":"publish","type":"post","link":"https:\/\/www.europesays.com\/lv\/59333\/","title":{"rendered":"Sesks\/Francis s\u0101k ar 3.vietu Sa\u016bda Ar\u0101bijas WRC pirmaj\u0101 \u0101trumposm\u0101 \u2013 Motoru sports &#8211; Sportacentrs.com"},"content":{"rendered":"<ol>\n<li><a href=\"https:\/\/news.google.com\/rss\/articles\/CBMingFBVV95cUxNQ3JTYnFReWZnTEUxRnVJQlhlZE9jNWhwSzBlVUlIcjFxT2tOdUhpX2hHcjNoQ2M0VkFPTE5xUTVSTjFZOW1KTXRQcGxPS09remRSZUJmOEVGcWdXdWRQaGpqSUxza2pMQ3pBdGNCWXpnNWtXcDJZeFlJYjk1bm5zSnk4S0tZanlvZmM3alM0UmZoSjBLWXRHOVBiZXcxQQ?oc=5\" target=\"_blank\" rel=\"nofollow noopener\">Sesks\/Francis s\u0101k ar 3.vietu Sa\u016bda Ar\u0101bijas WRC pirmaj\u0101 \u0101trumposm\u0101 \u2013 Motoru sports<\/a>&nbsp;&nbsp;Sportacentrs.com<\/li>\n<li><a href=\"https:\/\/news.google.com\/rss\/articles\/CBMizAFBVV95cUxOZ2xOQlBTMmNwMFJIM05sbExZYmxkYzc0aXdlNGVidldGMGRhXzktQTBVS2pTRHg3VnhmTlVpYkFWNDlxdzEyQXNtU2JyNHpsLU9WOE8zNEpwdktxRVJmZ2p3Zlp2NW94Zml4cmhuaUdPdWdQXzEyQzMtZjUxdlFFMzRHWUtvR2dzaWhMWjc2SGJiMDBTN0Ywa1ZScFNPZS1NM2lkVC1xOUt0OVl3UFJLQXp1YlRiUlB3WF9CeTNhUl9QaE5UUVM0b25WUTY?oc=5\" target=\"_blank\" rel=\"nofollow noopener\">Seska ekip\u0101\u017eai tre\u0161ais rezult\u0101ts Sa\u016bda Ar\u0101bijas rallija pirmaj\u0101 \u0101trumposm\u0101<\/a>&nbsp;&nbsp;Delfi<\/li>\n<li><a href=\"https:\/\/news.google.com\/rss\/articles\/CBMiqAFBVV95cUxOclZUSGx0RjFxQUhrNlZkWWRHRVlVWHRBYjlDcTFkeWpybVVmc0JiQnFaYkc5SzlHVFF1V1FmNzZQZFZkX2l3LUdBSkl2YVhqMTJSNUM4elJ6S0wyY1dyZXg2ZTB2elhPUF9LSzZhaFQxQklTd2Z5YkY4OW9xVXI0c05aQ2sxdGZQV3ZiRHJSTHJldWZBeW9DTV91UndfNTVnUDRyRktBSmI?oc=5\" target=\"_blank\" rel=\"nofollow noopener\">Sesks\/Francis s\u0101k ar 3.vietu Sa\u016bda Ar\u0101bijas WRC pirmaj\u0101 \u0101trumposm\u0101<\/a>&nbsp;&nbsp;Go4speed<\/li>\n<li><a href=\"https:\/\/news.google.com\/rss\/articles\/CBMingFBVV95cUxNUzc5dEZYZkFXWWhlaHh1VlpiOXNKTVZOTE9oWmZUcVB3QTBQRHVPNzdoa1JHeTR0UEdTWC1nUlpDUkhxQVQ1ZXpKQlBYZFJGYWczbGJXUHRUZXdSbm5zMVJxbTBORTZrTWxUVVp5dmxOVFAtSmtVcUlMRXJ0M0thQVZhanlULVUxeURaRTJmVTFsMnBHaER2bW1VNUhZdw?oc=5\" target=\"_blank\" rel=\"nofollow noopener\">O\u017ej\u0113: &#8221;Da\u017e\u0101s viet\u0101s esam noba\u017e\u012bju\u0161ies par dro\u0161\u012bbu, tas ir p\u0101r\u0101k ekstr\u0113mi&#8221; \u2013 Motoru sports<\/a>&nbsp;&nbsp;Sportacentrs.com<\/li>\n<li><a href=\"https:\/\/news.google.com\/rss\/articles\/CBMi8wFBVV95cUxOY1puRVRsaVFIUjN5Q2JPU0ZSaXlWaElrcEJPbEdWUkk5QWFSUzJMcU9qT0lmQUVQb0Z5ejV0aEZXNC1seGpqOWpmbkNVbHFsZ0FKLVROeXFOWWhoQ19wNWRocUhsbGdPb2E1cm16NVpTd3hLM2RVV0FRZF9fNkRjdV81ZGhfRFBYWE1sUXZtR3gta2tBX2ZUUHBscEt2V1BPaXdCRnpRcFAtaUNUZTlsNUxvYngxODFTZkt6U3dvMnNtTlRkZjhCNllJNE5aMkFtSi1QYXJxV0R3RURWTlFqUkRiMzAxUjRUbEhFVnZrQlJrWFk?oc=5\" target=\"_blank\" rel=\"nofollow noopener\">Pasaules rallija \u010dempion\u0101ta c\u012b\u0146as kulmin\u0113 Sa\u016bda Ar\u0101bij\u0101; \u00abnezin\u0101maj\u0101 tuksnes\u012b\u00bb brauc ar\u012b latvie\u0161i<\/a>&nbsp;&nbsp;LSM<\/li>\n<\/ol>\n","protected":false},"excerpt":{"rendered":"Sesks\/Francis s\u0101k ar 3.vietu Sa\u016bda Ar\u0101bijas WRC pirmaj\u0101 \u0101trumposm\u0101 \u2013 Motoru sports&nbsp;&nbsp;Sportacentrs.com Seska ekip\u0101\u017eai tre\u0161ais rezult\u0101ts Sa\u016bda Ar\u0101bijas&hellip;\n","protected":false},"author":2,"featured_media":59334,"comment_status":"","ping_status":"","sticky":false,"template":"","format":"standard","meta":{"footnotes":""},"categories":[5],"tags":[23,28,29,32,33,22,30,31,35,39,38,36,37,34,40,165,20,26,27,24,25,21],"class_list":{"0":"post-59333","1":"post","2":"type-post","3":"status-publish","4":"format-standard","5":"has-post-thumbnail","7":"category-aktualitates","8":"tag-aktualitates","9":"tag-breaking-news","10":"tag-breakingnews","11":"tag-featured-news","12":"tag-featurednews","13":"tag-headlines","14":"tag-latest-news","15":"tag-latestnews","16":"tag-latvia","17":"tag-latvian","18":"tag-latviesu","19":"tag-latviesu-valoda","20":"tag-latviesuvaloda","21":"tag-latvija","22":"tag-lv","23":"tag-motoru-sports","24":"tag-news","25":"tag-popularakas-zinas","26":"tag-popularakaszinas","27":"tag-top-stories","28":"tag-topstories","29":"tag-zinas"},"share_on_mastodon":{"url":"https:\/\/pubeurope.com\/@lv\/115618051677119568","error":""},"_links":{"self":[{"href":"https:\/\/www.europesays.com\/lv\/wp-json\/wp\/v2\/posts\/59333","targetHints":{"allow":["GET"]}}],"collection":[{"href":"https:\/\/www.europesays.com\/lv\/wp-json\/wp\/v2\/posts"}],"about":[{"href":"https:\/\/www.europesays.com\/lv\/wp-json\/wp\/v2\/types\/post"}],"author":[{"embeddable":true,"href":"https:\/\/www.europesays.com\/lv\/wp-json\/wp\/v2\/users\/2"}],"replies":[{"embeddable":true,"href":"https:\/\/www.europesays.com\/lv\/wp-json\/wp\/v2\/comments?post=59333"}],"version-history":[{"count":0,"href":"https:\/\/www.europesays.com\/lv\/wp-json\/wp\/v2\/posts\/59333\/revisions"}],"wp:featuredmedia":[{"embeddable":true,"href":"https:\/\/www.europesays.com\/lv\/wp-json\/wp\/v2\/media\/59334"}],"wp:attachment":[{"href":"https:\/\/www.europesays.com\/lv\/wp-json\/wp\/v2\/media?parent=59333"}],"wp:term":[{"taxonomy":"category","embeddable":true,"href":"https:\/\/www.europesays.com\/lv\/wp-json\/wp\/v2\/categories?post=59333"},{"taxonomy":"post_tag","embeddable":true,"href":"https:\/\/www.europesays.com\/lv\/wp-json\/wp\/v2\/tags?post=59333"}],"curies":[{"name":"wp","href":"https:\/\/api.w.org\/{rel}","templated":true}]}}