{"id":59358,"date":"2025-11-26T22:19:08","date_gmt":"2025-11-26T22:19:08","guid":{"rendered":"https:\/\/www.europesays.com\/lv\/59358\/"},"modified":"2025-11-26T22:19:08","modified_gmt":"2025-11-26T22:19:08","slug":"izbraketais-miera-plans-labveligs-krievijai-bet-vel-glaimojosaks-trampam-tvnet","status":"publish","type":"post","link":"https:\/\/www.europesays.com\/lv\/59358\/","title":{"rendered":"Izbr\u0101\u0137\u0113tais &quot;miera pl\u0101ns&quot; \u2013 labv\u0113l\u012bgs Krievijai, bet v\u0113l glaimojo\u0161\u0101ks Trampam &#8211; TVNET"},"content":{"rendered":"<ol>\n<li><a href=\"https:\/\/news.google.com\/rss\/articles\/CBMiowFBVV95cUxPRjdoN0dCeVFHaVk3ZDZ2M0RkTjJXS2l1dVk4WGtFRjcxeHZsVE1iYmhoN2NmWk02dFdnYlV5QmgtQ3drQjVBSGRoREMwRmpDUUVUWXJMWTk5QkRJRjRRNFQ1UHJ6TG0wUUJpZ1F1Yy1PVXB6VmI0VVNIMHJLUDdRd1FObXhzSnMzcjJ4NkNVenNFcjNneVZpdEN3c09qN0tyNHU0?oc=5\" target=\"_blank\" rel=\"nofollow noopener\">Izbr\u0101\u0137\u0113tais &#8220;miera pl\u0101ns&#8221; \u2013 labv\u0113l\u012bgs Krievijai, bet v\u0113l glaimojo\u0161\u0101ks Trampam<\/a>&nbsp;&nbsp;TVNET<\/li>\n<li><a href=\"https:\/\/news.google.com\/rss\/articles\/CBMivgFBVV95cUxPZFJrdE8zeWxZSlpiRVE1YVVlRDZEMTlPek9sZktKa0VYeHA0aWFaTU9uSmV6MVE2QVl1VkIyR1VMRkROWC1tanh0U3djT2V2NWtEaEFNd3FRZVF4dWpRa3Z5czRmQ09LNWNFeGRrWVE5U1ZBWEtKU1lyZ0VwaWlkM3pRWjVZT2pZOF9XVkl6dHpJMUZUWGFVSzRVSXBPeVFKc2g2RllQelUwcy16anh6ZTd5SExoY3lHTmo3SmZB?oc=5\" target=\"_blank\" rel=\"nofollow noopener\">ASV armijas ministrs br\u012bdin\u0101jis Ukrainu par \u00abneizb\u0113gamu sak\u0101vi\u00bb \/ Raksts<\/a>&nbsp;&nbsp;LSM<\/li>\n<li><a href=\"https:\/\/news.google.com\/rss\/articles\/CBMinAFBVV95cUxNNkpBejVXQUxsM1ZJY2ExMk9EZE41aXpZN3ppSndLcXVRWTRNSUVlUW51NDZVOTdYSV9rc3h0LTZWNXhET2dvQzB1SzdYeEt5S0s3Zk1aX19JNExZei1yS0JXSExLU1VicE1JTFRmMjYxMDNXcTMwZnYyYzZ4Z0ZXQUFJS0dKX2M4dGJLR29zb19XTlFRTHlvV3RWUnE?oc=5\" target=\"_blank\" rel=\"nofollow noopener\">Valsts prezidents koment\u0113 jaun\u0101k\u0101s sarunas par Ukrainas miera pl\u0101nu<\/a>&nbsp;&nbsp;TVNET<\/li>\n<li><a href=\"https:\/\/news.google.com\/rss\/articles\/CBMi4wFBVV95cUxOc2ExTklzeE9TSXZGVmFJakNXQ1hHbXMtNFA3bTRaN3FqdzZPZDAyY0U4Ums2VERXQ2FxQms2dXdudTNrODVVUDI1R3Z1XzQ0RHFKVzNGOEJya2k2WTMxalpxeHVGbzJVRDl6blhYUU9zeVZucGhyRi1PRWE3cFpUVWhHT3dYUVN6aUlCeGh6clN2OFBfdVRoOFFDWFd6Yms3cUNHdWtmNkluTXNlTTRGTUhPVzlkTXQtUzZYSUx2U2JJeWs3TW9lTnE0MjFEVWpiZllOakRTWVhYYmRMcVNJWl9DYw?oc=5\" target=\"_blank\" rel=\"nofollow noopener\">ASV ministrs Kijivu br\u012bdin\u0101jis par &#8220;neizb\u0113gamu sak\u0101vi&#8221;; Rubio noliedz domstarp\u012bbas Trampa administr\u0101cij\u0101<\/a>&nbsp;&nbsp;Delfi<\/li>\n<li><a href=\"https:\/\/news.google.com\/rss\/articles\/CBMiowFBVV95cUxQUGU1dWRYdkZwUjZXWTc4SnNXd0pxYzlrRnAtR1Z3VVgxMHZMV1hwTEc5czB3UmxMNzBvU0JNMUZUQmtRdjE5dmttbTdIdklXNXRTejhXLXZQQjFXVHBNRUtVNE8zTXhuVm02NG5FendOLXRLNjVpbDRuelctWXBzY3NucGh2WFFEc3NSTTNyb1BhVW96QVhxMFkwSzVqMDhCS0FF?oc=5\" target=\"_blank\" rel=\"nofollow noopener\">Medijs: ASV armijas ministrs bied\u0113jis Ukrainu ar piln\u012bgu sak\u0101vi<\/a>&nbsp;&nbsp;Jauns.lv<\/li>\n<\/ol>\n","protected":false},"excerpt":{"rendered":"Izbr\u0101\u0137\u0113tais &#8220;miera pl\u0101ns&#8221; \u2013 labv\u0113l\u012bgs Krievijai, bet v\u0113l glaimojo\u0161\u0101ks Trampam&nbsp;&nbsp;TVNET ASV armijas ministrs br\u012bdin\u0101jis Ukrainu par \u00abneizb\u0113gamu sak\u0101vi\u00bb&hellip;\n","protected":false},"author":2,"featured_media":59359,"comment_status":"","ping_status":"","sticky":false,"template":"","format":"standard","meta":{"footnotes":""},"categories":[14],"tags":[23,57,292,28,29,32,33,22,234,74,30,31,35,39,38,36,37,34,40,20,26,27,24,25,2238,276,235,178,54,55,56,21,58],"class_list":{"0":"post-59358","1":"post","2":"type-post","3":"status-publish","4":"format-standard","5":"has-post-thumbnail","7":"category-zinas-no-arvalstim","8":"tag-aktualitates","9":"tag-arvalstim","10":"tag-asv","11":"tag-breaking-news","12":"tag-breakingnews","13":"tag-featured-news","14":"tag-featurednews","15":"tag-headlines","16":"tag-krievija","17":"tag-krievijas-iebrukums-ukraina","18":"tag-latest-news","19":"tag-latestnews","20":"tag-latvia","21":"tag-latvian","22":"tag-latviesu","23":"tag-latviesu-valoda","24":"tag-latviesuvaloda","25":"tag-latvija","26":"tag-lv","27":"tag-news","28":"tag-popularakas-zinas","29":"tag-popularakaszinas","30":"tag-top-stories","31":"tag-topstories","32":"tag-tvnet-arvalstis","33":"tag-ukraina","34":"tag-vladimirs-putins","35":"tag-volodimirs-zelenskis","36":"tag-world","37":"tag-world-news","38":"tag-worldnews","39":"tag-zinas","40":"tag-zinas-no-arvalstim"},"share_on_mastodon":{"url":"","error":"Validation failed: Text character limit of 500 exceeded"},"_links":{"self":[{"href":"https:\/\/www.europesays.com\/lv\/wp-json\/wp\/v2\/posts\/59358","targetHints":{"allow":["GET"]}}],"collection":[{"href":"https:\/\/www.europesays.com\/lv\/wp-json\/wp\/v2\/posts"}],"about":[{"href":"https:\/\/www.europesays.com\/lv\/wp-json\/wp\/v2\/types\/post"}],"author":[{"embeddable":true,"href":"https:\/\/www.europesays.com\/lv\/wp-json\/wp\/v2\/users\/2"}],"replies":[{"embeddable":true,"href":"https:\/\/www.europesays.com\/lv\/wp-json\/wp\/v2\/comments?post=59358"}],"version-history":[{"count":0,"href":"https:\/\/www.europesays.com\/lv\/wp-json\/wp\/v2\/posts\/59358\/revisions"}],"wp:featuredmedia":[{"embeddable":true,"href":"https:\/\/www.europesays.com\/lv\/wp-json\/wp\/v2\/media\/59359"}],"wp:attachment":[{"href":"https:\/\/www.europesays.com\/lv\/wp-json\/wp\/v2\/media?parent=59358"}],"wp:term":[{"taxonomy":"category","embeddable":true,"href":"https:\/\/www.europesays.com\/lv\/wp-json\/wp\/v2\/categories?post=59358"},{"taxonomy":"post_tag","embeddable":true,"href":"https:\/\/www.europesays.com\/lv\/wp-json\/wp\/v2\/tags?post=59358"}],"curies":[{"name":"wp","href":"https:\/\/api.w.org\/{rel}","templated":true}]}}