{"id":59364,"date":"2025-11-26T22:24:33","date_gmt":"2025-11-26T22:24:33","guid":{"rendered":"https:\/\/www.europesays.com\/lv\/59364\/"},"modified":"2025-11-26T22:24:33","modified_gmt":"2025-11-26T22:24:33","slug":"maksliga-intelekta-vadita-era-gaisa-lente-lv","status":"publish","type":"post","link":"https:\/\/www.europesays.com\/lv\/59364\/","title":{"rendered":"M\u0101ksl\u012bg\u0101 intelekta vad\u012bta \u0113ra gais\u0101\u00a0\u2014\u00a0Lente.lv"},"content":{"rendered":"<p>Eiropas atbilde dronu \u0113rai: Helsing iepaz\u012bstina ar CA-1 Europa<\/p>\n<p>V\u0101cijas tehnolo\u0123iju uz\u0146\u0113mums Helsing, kas paz\u012bstams ar saviem progres\u012bvajiem m\u0101ksl\u012bg\u0101 intelekta (MI) risin\u0101jumiem, ir sagatavojis patiesi revolucion\u0101ru zi\u0146u \u2013 pirm\u0101 Eirop\u0101 izstr\u0101d\u0101t\u0101 bezpilota izn\u012bcin\u0101t\u0101ja CA-1 Europa publisko\u0161anas. \u0160is projekts, lai gan \u0161obr\u012bd v\u0113l ir prototipa stadij\u0101, ambiciozi tiecas uz masveida ra\u017eo\u0161anu, sadarbojoties ar cit\u0101m Eiropas avi\u0101cijas komp\u0101nij\u0101m. Tas ir skaidrs sign\u0101ls par kontinenta ap\u0146\u0113m\u012bbu nepalikt nov\u0113rot\u0101ja lom\u0101 strauji main\u012bgaj\u0101 milit\u0101r\u0101s avi\u0101cijas ainav\u0101.<\/p>\n<p>Centaur AI \u2013 bezpilota izn\u012bcin\u0101t\u0101ja smadzenes<\/p>\n<p>Galven\u0101 CA-1 Europa inov\u0101cija sl\u0113pjas t\u0101s vad\u012bbas sist\u0113m\u0101 \u2013 tas tiks apr\u012bkots ar uz\u0146\u0113muma pa\u0161a izstr\u0101d\u0101to Centaur AI. \u0160is MI l\u012bmenis ir iecer\u0113ts ne tikai k\u0101 vienk\u0101r\u0161s autopilots, bet k\u0101 pilnv\u0113rt\u012bgs \u201csmadze\u0146u centrs\u201d, kas sp\u0113s adapt\u0113ties kaujas apst\u0101k\u013ciem un pie\u0146emt sare\u017e\u0123\u012btus l\u0113mumus ar ma\u0161\u012bnas \u0101trumu. Paredzamais lidapar\u0101ta svars ir aptuveni no 3 l\u012bdz 5 tonn\u0101m, kas pozicion\u0113 to k\u0101 vid\u0113ja izm\u0113ra bezpilota sist\u0113mu.<\/p>\n<p>Autonomija un piel\u0101gojam\u012bba \u2013 galvenie trumpji<\/p>\n<p>CA-1 Europa ir veidots ar domu par maksim\u0101lu autonomiju un piel\u0101gojam\u012bbu. Tas noz\u012bm\u0113, ka drons sp\u0113s veikt misijas piln\u012bb\u0101 neatkar\u012bgi, ta\u010du vienlaikus ar\u012b efekt\u012bvi integr\u0113ties kop\u0113j\u0101 kaujas sist\u0113m\u0101, darbojoties kop\u0101 ar pilot\u0113jamiem izn\u012bcin\u0101t\u0101jiem vai cit\u0101m bezpilota vien\u012bb\u0101m. \u0160\u012b \u201cdronu sienas\u201d koncepcija ir arvien aktu\u0101l\u0101ka milit\u0101raj\u0101 strat\u0113\u0123ij\u0101, un CA-1 Europa ir sol\u012bjums Eiropas uz\u0146\u0113mumiem b\u016bt \u0161\u012bs kust\u012bbas priek\u0161gal\u0101. Paredzams, ka tas sasniegs l\u012bdzsoniskus \u0101trumus.<\/p>\n<p>Solis pret\u012b n\u0101kotnes kara lidlaukiem<\/p>\n<p>Helsing sola ne tikai modernu tehnolo\u0123iju, bet ar\u012b pieejamu s\u0113rijveida ra\u017eo\u0161anu. Tas noz\u012bm\u0113, ka CA-1 Europa var\u0113tu k\u013c\u016bt par rentablu risin\u0101jumu, kas sniegs pilotu vai MI pla\u0161u situ\u0101cijas apzin\u0101\u0161anos kaujas lauk\u0101. Pa\u0161laik izstr\u0101de norit akt\u012bv\u0101 stadij\u0101 uz\u0146\u0113mum\u0101 Grob Aircraft, kas ir zin\u0101ms ar savu pieredzi vieglo lidma\u0161\u012bnu ra\u017eo\u0161an\u0101. Lai gan prec\u012bza inform\u0101cija par bru\u0146ojumu, dzin\u0113ju un izmaks\u0101m v\u0113l netiek sniegta, uz\u0146\u0113muma vad\u012bba uzsver, ka izmaksas b\u016bs iev\u0113rojami zem\u0101kas nek\u0101 tradicion\u0101lajiem izn\u012bcin\u0101t\u0101jiem.<\/p>\n<blockquote>\n<p>\u201eBezpilotu izn\u012bcin\u0101t\u0101ji k\u013c\u016bs par galveno faktoru gaisa p\u0101rsvara nodro\u0161in\u0101\u0161an\u0101 un m\u016bsu dro\u0161\u012bbas garant\u0113\u0161an\u0101. Eiropa nevar at\u013cauties atpalikt \u0161aj\u0101 kategorij\u0101 vai b\u016bt atkar\u012bga no tre\u0161aj\u0101m pus\u0113m. Ar CA-1 Europa m\u0113s nodro\u0161in\u0101sim, lai tas nenotiktu,\u201d uzsver Helsing l\u012bdzdibin\u0101t\u0101js un \u0123ener\u0101ldirektors Torstens Reils.<\/p>\n<\/blockquote>\n<p>Autonomijas \u0113na: tehnolo\u0123iskais potenci\u0101ls un \u0113tisk\u0101s dilemmas<\/p>\n<p>Neskatoties uz iespaid\u012bgo tehnolo\u0123isko potenci\u0101lu, eksperti nor\u0101da ar\u012b uz b\u016btisk\u0101m \u0113tisk\u0101m dilemm\u0101m. Helsing, kas dibin\u0101ts vien 2021. gad\u0101, jau ir pieg\u0101d\u0101jis Ukrainai kaujas bezpilota lidapar\u0101tus, da\u017ei no tiem darbin\u0101mi ar MI. Tom\u0113r jaut\u0101jums par piln\u012bgu autonomiju ir \u0101rk\u0101rt\u012bgi svar\u012bgs. Kur\u0161 paties\u012bb\u0101 kontrol\u0113 MI vad\u012btu izn\u012bcin\u0101t\u0101ju baru kaujas situ\u0101cij\u0101? K\u0101 nodro\u0161in\u0101t dro\u0161\u012bbu, atbild\u012bbu un attur\u012bbu, kad n\u0101v\u0113jo\u0161i l\u0113mumi tiek pie\u0146emti milisekund\u0113s? \u0160ie ir jaut\u0101jumi, kas nepiecie\u0161ams risin\u0101t, lai pilnv\u0113rt\u012bgi izmantotu \u0161\u012bs jaud\u012bg\u0101s tehnolo\u0123ijas.<\/p>\n","protected":false},"excerpt":{"rendered":"Eiropas atbilde dronu \u0113rai: Helsing iepaz\u012bstina ar CA-1 Europa V\u0101cijas tehnolo\u0123iju uz\u0146\u0113mums Helsing, kas paz\u012bstams ar saviem progres\u012bvajiem&hellip;\n","protected":false},"author":2,"featured_media":59365,"comment_status":"","ping_status":"","sticky":false,"template":"","format":"standard","meta":{"footnotes":""},"categories":[16],"tags":[15787,77,76,15785,15788,15786,35,39,38,36,37,34,40,87],"class_list":{"0":"post-59364","1":"post","2":"type-post","3":"status-publish","4":"format-standard","5":"has-post-thumbnail","7":"category-bizness","8":"tag-bezpilota-iznicinatajs","9":"tag-bizness","10":"tag-business","11":"tag-ca-1-europa","12":"tag-eiropas-dronu-tehnologijas","13":"tag-helsing","14":"tag-latvia","15":"tag-latvian","16":"tag-latviesu","17":"tag-latviesu-valoda","18":"tag-latviesuvaloda","19":"tag-latvija","20":"tag-lv","21":"tag-maksligais-intelekts"},"share_on_mastodon":{"url":"https:\/\/pubeurope.com\/@lv\/115618346608052002","error":""},"_links":{"self":[{"href":"https:\/\/www.europesays.com\/lv\/wp-json\/wp\/v2\/posts\/59364","targetHints":{"allow":["GET"]}}],"collection":[{"href":"https:\/\/www.europesays.com\/lv\/wp-json\/wp\/v2\/posts"}],"about":[{"href":"https:\/\/www.europesays.com\/lv\/wp-json\/wp\/v2\/types\/post"}],"author":[{"embeddable":true,"href":"https:\/\/www.europesays.com\/lv\/wp-json\/wp\/v2\/users\/2"}],"replies":[{"embeddable":true,"href":"https:\/\/www.europesays.com\/lv\/wp-json\/wp\/v2\/comments?post=59364"}],"version-history":[{"count":0,"href":"https:\/\/www.europesays.com\/lv\/wp-json\/wp\/v2\/posts\/59364\/revisions"}],"wp:featuredmedia":[{"embeddable":true,"href":"https:\/\/www.europesays.com\/lv\/wp-json\/wp\/v2\/media\/59365"}],"wp:attachment":[{"href":"https:\/\/www.europesays.com\/lv\/wp-json\/wp\/v2\/media?parent=59364"}],"wp:term":[{"taxonomy":"category","embeddable":true,"href":"https:\/\/www.europesays.com\/lv\/wp-json\/wp\/v2\/categories?post=59364"},{"taxonomy":"post_tag","embeddable":true,"href":"https:\/\/www.europesays.com\/lv\/wp-json\/wp\/v2\/tags?post=59364"}],"curies":[{"name":"wp","href":"https:\/\/api.w.org\/{rel}","templated":true}]}}