{"id":59371,"date":"2025-11-26T22:30:19","date_gmt":"2025-11-26T22:30:19","guid":{"rendered":"https:\/\/www.europesays.com\/lv\/59371\/"},"modified":"2025-11-26T22:30:19","modified_gmt":"2025-11-26T22:30:19","slug":"saf-tehnika-dibina-meitasuznemumu-kolumbija-stiprinot-pozicijas-latinamerika-lente-lv","status":"publish","type":"post","link":"https:\/\/www.europesays.com\/lv\/59371\/","title":{"rendered":"SAF Tehnika dibina meitasuz\u0146\u0113mumu Kolumbij\u0101, stiprinot poz\u012bcijas Lat\u012b\u0146amerik\u0101\u00a0\u2014\u00a0Lente.lv"},"content":{"rendered":"<p>Ra\u017eot\u0101js AS &#8220;SAF Tehnika&#8221;, kas paz\u012bstams ar saviem augstas veiktsp\u0113jas bezvadu datu p\u0101rraides risin\u0101jumiem, ir veicis strat\u0113\u0123isku un aizraujo\u0161u soli, papla\u0161inot savu glob\u0101lo kl\u0101tb\u016btni. Uz\u0146\u0113mums ir dibin\u0101jis savu meitasuz\u0146\u0113mumu Kolumbij\u0101, nosaucot to par &#8220;SAF LatAm S.A.S.&#8221;. \u0160is noz\u012bm\u012bgais solis, kas tika pazi\u0146ots 2025. gada 24. novembr\u012b, apliecina &#8220;SAF Tehnika&#8221; ap\u0146em\u0161anos stiprin\u0101t savu poz\u012bciju dinamiskaj\u0101 Lat\u012b\u0146amerikas tirg\u016b un nodro\u0161in\u0101t v\u0113l lab\u0101ku atbalstu re\u0123iona klientiem.<\/p>\n<p>Strat\u0113\u0123isks papla\u0161in\u0101jums Dienvidamerikas tirg\u016b<\/p>\n<p>Dibin\u0101tais meitasuz\u0146\u0113mums &#8220;SAF LatAm S.A.S.&#8221; ir lo\u0123isks un r\u016bp\u012bgi izsv\u0113rts turpm\u0101k\u0101s att\u012bst\u012bbas solis, kas \u013caus &#8220;SAF Tehnika&#8221; ne tikai veicin\u0101t uz\u0146\u0113m\u0113jdarb\u012bbas izaugsmi, bet ar\u012b nodro\u0161in\u0101t stabilu un tie\u0161u kl\u0101tb\u016btni Dienvidamerikas kontinent\u0101. \u0160is solis ir balst\u012bts uz ilggad\u0113ju partner\u012bbu, kas tagad p\u0101rtapis par jaunu, sp\u0113c\u012bgu vien\u012bbu, kas gatava apkalpot pla\u0161o re\u0123ionu ar vismodern\u0101kajiem bezvadu datu p\u0101rraides un sensoru risin\u0101jumiem. &#8220;SAF Tehnika&#8221; p\u0101rvalda 51% no jaunizveidot\u0101 uz\u0146\u0113muma akcij\u0101m, demonstr\u0113jot savu stingro ieguld\u012bjumu un tic\u012bbu \u0161\u012b jaun\u0101 tirgus potenci\u0101lam.<\/p>\n<p>Galvenais &#8220;SAF LatAm S.A.S.&#8221; uzdevums b\u016bs sniegt klientiem Dienvidamerikas re\u0123ion\u0101 individu\u0101li piel\u0101gotus un efekt\u012bvus bezvadu datu p\u0101rraides un sensoru risin\u0101jumus. Tas noz\u012bm\u0113, ka uz\u0146\u0113mumi un organiz\u0101cijas \u0161aj\u0101 re\u0123ion\u0101 var\u0113s sagaid\u012bt v\u0113l \u0101tr\u0101ku un kvalitat\u012bv\u0101ku atbalstu, k\u0101 ar\u012b risin\u0101jumus, kas prec\u012bzi atbilst vi\u0146u specifiskaj\u0101m vajadz\u012bb\u0101m. \u0160\u012b jaun\u0101 strukt\u016bra \u013caus &#8220;SAF Tehnika&#8221; v\u0113l cie\u0161\u0101k sadarboties ar saviem partneriem un klientiem, pied\u0101v\u0101jot augstas uzticam\u012bbas kritisk\u0101s komunik\u0101cijas tehnolo\u0123ijas un progres\u012bvus IoT (lietu interneta) risin\u0101jumus, tostarp popul\u0101ros Aranet PRO un &#8220;SAF Tehnika&#8221; mikrovi\u013c\u0146u produktus.<\/p>\n<p>Sp\u0113c\u012bga komanda un pieredze re\u0123ion\u0101<\/p>\n<p>\u0160\u012b v\u0113rien\u012bg\u0101 papla\u0161in\u0101\u0161an\u0101s nav tikai uz\u0146\u0113muma strukt\u016bras izmai\u0146a, bet ar\u012b sp\u0113c\u012bgas komandas apvieno\u0161ana. Par &#8220;SAF LatAm S.A.S.&#8221; vad\u012bt\u0101ju iecelts Vladimirs Rojas, kur\u0161 lepojas ar iespaid\u012bgu 30 gadu pieredzi telekomunik\u0101ciju t\u012bklu projekt\u0113\u0161an\u0101, uzst\u0101d\u012b\u0161an\u0101 un ekspluat\u0101cij\u0101 Dienvidamerik\u0101. V\u0113l iespaid\u012bg\u0101k ir tas, ka Rojas vair\u0101k nek\u0101 15 gadus ir p\u0101rst\u0101v\u0113jis &#8220;SAF Tehnika&#8221; interes\u0113s \u0161aj\u0101 tirg\u016b. \u0160\u012b ilg\u0101 un augl\u012bg\u0101 sadarb\u012bba ir \u013c\u0101vusi izveidot sp\u0113c\u012bgu un zino\u0161u komandu, kas ir piln\u012bb\u0101 gatava sniegt visaptvero\u0161u atbalstu un personaliz\u0113tu konsult\u0113\u0161anu re\u0123iona klientiem. Vi\u0146a vad\u012bb\u0101 un ar vi\u0146a komandas atbalstu &#8220;SAF LatAm S.A.S.&#8221; ir gatava iekarot jaunus augstumus.<\/p>\n<p>J\u0101nis Bergs, &#8220;SAF Tehnika&#8221; valdes loceklis un viceprezidents, izteica savu prieku par \u0161o jauno noda\u013cu: &#8220;Esmu pagodin\u0101ts ofici\u0101li sveikt Vladimiru Rojas un vi\u0146a izcilo komandu &#8220;SAF Tehnika&#8221; saim\u0113. Ar \u0161o papla\u0161in\u0101jumu m\u0113s atbalst\u012bsim partnerus un klientus vis\u0101 Dienvidamerik\u0101 ar augstas uzticam\u012bbas kritisk\u0101s komunik\u0101cijas tehnolo\u0123ij\u0101m un progres\u012bviem IoT risin\u0101jumiem, ieskaitot Aranet PRO un &#8220;SAF Tehnika&#8221; mikrovi\u013c\u0146u produktus.&#8221; \u0160ie v\u0101rdi atspogu\u013co uz\u0146\u0113muma entuziasmu un gatav\u012bbu invest\u0113t jaunajos tirgos.<\/p>\n<p>Jauni pakalpojumi un uzlabota klientu apkalpo\u0161ana<\/p>\n<p>Jaunais sadarb\u012bbas modelis, ko p\u0101rst\u0101v &#8220;SAF LatAm S.A.S.&#8221;, sola efekt\u012bv\u0101ku ilgtermi\u0146a partner\u012bbu att\u012bst\u012b\u0161anu un v\u0113l lab\u0101ku un \u0101tr\u0101ku servisu klientiem un partneriem. Tas noz\u012bm\u0113, ka klienti var sagaid\u012bt ne tikai kvalitat\u012bv\u0101kus produktus, bet ar\u012b personaliz\u0113t\u0101ku pieeju un operat\u012bv\u0101ku probl\u0113mu risin\u0101\u0161anu. \u0160\u012b uz\u0146\u0113muma dibin\u0101\u0161ana ir skaidrs sign\u0101ls &#8220;SAF Tehnika&#8221; nelok\u0101majai uztic\u012bbai un ap\u0146em\u0161an\u0101s nodro\u0161in\u0101t visaugst\u0101k\u0101 l\u012bme\u0146a pakalpojumus klientiem vis\u0101 pasaul\u0113.<\/p>\n<p>Lat\u012b\u0146amerikas tirgus, kas aptver pla\u0161u \u0123eogr\u0101fisku teritoriju un daudzveid\u012bgu ekonomisko vidi, ir strat\u0113\u0123iski svar\u012bgs &#8220;SAF Tehnika&#8221; att\u012bst\u012bbai. L\u012bdz \u0161im uz\u0146\u0113mumam bija fili\u0101les Zieme\u013camerik\u0101 (ASV) un \u0100zij\u0101 (Singap\u016br\u0101), ta\u010du \u0161\u012b jaun\u0101 strukt\u016bra papildina vi\u0146u glob\u0101lo t\u012bklu un \u013cauj v\u0113l efekt\u012bv\u0101k konkur\u0113t pasaules bezvadu datu p\u0101rraides iek\u0101rtu tirg\u016b.<\/p>\n<p>&#8220;SAF Tehnika&#8221; un t\u0101 glob\u0101l\u0101 perspekt\u012bva<\/p>\n<p>&#8220;SAF Tehnika&#8221; ir starptautiski atz\u012bts bezvadu datu p\u0101rraides iek\u0101rtu ra\u017eot\u0101js, kas savu darb\u012bbu s\u0101cis Latvij\u0101. Uz\u0146\u0113muma galvenie produkti ir punktu-punktu mikrovi\u013c\u0146u datu p\u0101rraides iek\u0101rtas. Lai gan uz\u0146\u0113muma galvenais birojs atrodas R\u012bg\u0101, tas ir veiksm\u012bgi izv\u0113rst savu darb\u012bbu vis\u0101 pasaul\u0113, dibinot meitasuz\u0146\u0113mumus un p\u0101rst\u0101vniec\u012bbas da\u017e\u0101dos re\u0123ionos. Pirms Kolumbijas fili\u0101les dibin\u0101\u0161anas &#8220;SAF Tehnika&#8221; piln\u012bb\u0101 p\u0101rvald\u012bja savus meitasuz\u0146\u0113mumus &#8220;SAF North America&#8221; LLC, kas apkalpo Zieme\u013camerikas tirgu, un &#8220;SAF Tehnika Asia PTE&#8221; LTD Singap\u016br\u0101, kas nodro\u0161ina kl\u0101tb\u016btni \u0100zij\u0101. Ar &#8220;SAF LatAm S.A.S.&#8221; dibin\u0101\u0161anu uz\u0146\u0113mums ne tikai papla\u0161ina savu \u0123eogr\u0101fisko p\u0101rkl\u0101jumu, bet ar\u012b demonstr\u0113 savu sp\u0113ju piel\u0101goties da\u017e\u0101du tirgu \u012bpatn\u012bb\u0101m un vajadz\u012bb\u0101m.<\/p>\n<p>Neskatoties uz da\u017e\u0101diem glob\u0101liem izaicin\u0101jumiem, piem\u0113ram, elektronikas komponentu defic\u012btu un pieg\u0101des \u0137\u0113\u017eu sare\u017e\u0123\u012bt\u012bbu, kas tika nov\u0113roti 2024.\/2025. finan\u0161u gad\u0101, &#8220;SAF Tehnika&#8221; ir par\u0101d\u012bjis notur\u012bbu. Lai gan ie\u0146\u0113mumi ir nedaudz samazin\u0101ju\u0161ies, uz\u0146\u0113mums turpina savu strat\u0113\u0123iju, att\u012bstot konkur\u0113tsp\u0113j\u012bgus produktus un risin\u0101jumus, fokus\u0113joties uz strat\u0113\u0123iskaj\u0101m tirgus ni\u0161\u0101m. Tiek turpin\u0101ta jaunu produktu izstr\u0101de un darbs pie \u0101tr\u0101k \u012bstenojam\u0101m produktu att\u012bst\u012bbas iniciat\u012bv\u0101m. &#8220;SAF Tehnika&#8221; ar\u012b akt\u012bvi p\u0113ta tirgu, lai identific\u0113tu problem\u0101tiskos jaut\u0101jumus un rad\u012btu prototipus n\u0101kam\u0101s paaudzes tehnolo\u0123ij\u0101m. Paral\u0113li tiek att\u012bst\u012bti lietu interneta segmenta risin\u0101jumi, diversific\u0113jot produktu l\u012bniju un palielinot pievienoto v\u0113rt\u012bbu.<\/p>\n<p>\u0160\u012b jaun\u0101 fili\u0101le Kolumbij\u0101 neap\u0161aub\u0101mi stiprin\u0101s &#8220;SAF Tehnika&#8221; kl\u0101tb\u016btni Lat\u012b\u0146amerikas tirg\u016b, kas jau iepriek\u0161 ir bijis noz\u012bm\u012bgs re\u0123ions uz\u0146\u0113muma apgroz\u012bjum\u0101. Ar savu pla\u0161o pieredzi un inovat\u012bvajiem risin\u0101jumiem, &#8220;SAF Tehnika&#8221; ir gatava veicin\u0101t digit\u0101lo transform\u0101ciju un savienojam\u012bbu vis\u0101 Dienvidamerik\u0101.<\/p>\n","protected":false},"excerpt":{"rendered":"Ra\u017eot\u0101js AS &#8220;SAF Tehnika&#8221;, kas paz\u012bstams ar saviem augstas veiktsp\u0113jas bezvadu datu p\u0101rraides risin\u0101jumiem, ir veicis strat\u0113\u0123isku un&hellip;\n","protected":false},"author":2,"featured_media":59372,"comment_status":"","ping_status":"","sticky":false,"template":"","format":"standard","meta":{"footnotes":""},"categories":[16],"tags":[15792,77,76,8355,12257,35,39,38,36,37,34,40,15793,10726],"class_list":{"0":"post-59371","1":"post","2":"type-post","3":"status-publish","4":"format-standard","5":"has-post-thumbnail","7":"category-bizness","8":"tag-bezvadu-datu-parraide","9":"tag-bizness","10":"tag-business","11":"tag-kolumbija","12":"tag-latinamerika","13":"tag-latvia","14":"tag-latvian","15":"tag-latviesu","16":"tag-latviesu-valoda","17":"tag-latviesuvaloda","18":"tag-latvija","19":"tag-lv","20":"tag-meitasuznemums","21":"tag-saf-tehnika"},"share_on_mastodon":{"url":"https:\/\/pubeurope.com\/@lv\/115618370253263251","error":""},"_links":{"self":[{"href":"https:\/\/www.europesays.com\/lv\/wp-json\/wp\/v2\/posts\/59371","targetHints":{"allow":["GET"]}}],"collection":[{"href":"https:\/\/www.europesays.com\/lv\/wp-json\/wp\/v2\/posts"}],"about":[{"href":"https:\/\/www.europesays.com\/lv\/wp-json\/wp\/v2\/types\/post"}],"author":[{"embeddable":true,"href":"https:\/\/www.europesays.com\/lv\/wp-json\/wp\/v2\/users\/2"}],"replies":[{"embeddable":true,"href":"https:\/\/www.europesays.com\/lv\/wp-json\/wp\/v2\/comments?post=59371"}],"version-history":[{"count":0,"href":"https:\/\/www.europesays.com\/lv\/wp-json\/wp\/v2\/posts\/59371\/revisions"}],"wp:featuredmedia":[{"embeddable":true,"href":"https:\/\/www.europesays.com\/lv\/wp-json\/wp\/v2\/media\/59372"}],"wp:attachment":[{"href":"https:\/\/www.europesays.com\/lv\/wp-json\/wp\/v2\/media?parent=59371"}],"wp:term":[{"taxonomy":"category","embeddable":true,"href":"https:\/\/www.europesays.com\/lv\/wp-json\/wp\/v2\/categories?post=59371"},{"taxonomy":"post_tag","embeddable":true,"href":"https:\/\/www.europesays.com\/lv\/wp-json\/wp\/v2\/tags?post=59371"}],"curies":[{"name":"wp","href":"https:\/\/api.w.org\/{rel}","templated":true}]}}