{"id":59379,"date":"2025-11-26T22:41:09","date_gmt":"2025-11-26T22:41:09","guid":{"rendered":"https:\/\/www.europesays.com\/lv\/59379\/"},"modified":"2025-11-26T22:41:09","modified_gmt":"2025-11-26T22:41:09","slug":"ar-vienigo-koncertu-baltijas-valstis-tallina-nakamgad-uzstasies-rokgrupa-kings-of-leon","status":"publish","type":"post","link":"https:\/\/www.europesays.com\/lv\/59379\/","title":{"rendered":"Ar vien\u012bgo koncertu Baltijas valst\u012bs Tallin\u0101 n\u0101kamgad uzst\u0101sies rokgrupa &#8220;Kings of Leon&#8221;"},"content":{"rendered":"<p>Rokgrupa \u201cKings of Leon\u201d n\u0101kamaj\u0101 vasar\u0101 sniegs&#13;<br \/>\nkoncertu Tallin\u0101 &#8211; \u201cUnibet Arena District\u201d teritorij\u0101 2026. gada 14. j\u016bnij\u0101, un&#13;<br \/>\nt\u0101 b\u016bs grupas vien\u012bg\u0101 uzst\u0101\u0161an\u0101s vis\u0101 re\u0123ion\u0101.<\/p>\n<p>\u201cKings of Leon\u201d ir viena no p\u0113d\u0113jo divdesmit gadu&#13;<br \/>\nnoz\u012bm\u012bg\u0101kaj\u0101m alternat\u012bv\u0101 roka grup\u0101m. Vi\u0146u iespaid\u012bgaj\u0101 koncertturneju v\u0113stur\u0113&#13;<br \/>\nietilpst uzst\u0101\u0161an\u0101s pasaules liel\u0101kajos un presti\u017e\u0101kajos festiv\u0101los, piem\u0113ram, \u201cCoachella\u201d,&#13;<br \/>\n\u201cGlastonbury\u201d, \u201cRoskilde\u201d, vair\u0101kos \u201cLollapalooza\u201d, \u201cRock Werchter\u201d un citur,&#13;<br \/>\nk\u0101 ar\u012b, piem\u0113ram, aizvad\u012btaj\u0101 gad\u0101 izp\u0101rdodot mas\u012bvo \u201cHyde Park\u201d \u2013 Londonas&#13;<br \/>\nle\u0123end\u0101r\u0101ko koncertvietu. Amerik\u0101\u0146u grupa \u201cKings of Leon\u201d starptautisku&#13;<br \/>\natpaz\u012bstam\u012bbu ieguva 2008. gad\u0101 ar savu ceturto albumu \u201cOnly by the Night\u201d.&#13;<br \/>\nVi\u0146i ir sa\u0146\u0113mu\u0161i \u010detras \u201cGrammy\u201d balvas un vair\u0101kas \u201cBRIT Awards\u201d balvas.<\/p>\n<p>N\u0101kamgad gaid\u0101mais \u201cKings of Leon\u201d koncerts&#13;<br \/>\nTallin\u0101 ir \u013coti ilgi gaid\u012bts notikums, un vien\u012bgais grupas koncerts \u0161aj\u0101&#13;<br \/>\nre\u0123ion\u0101. T\u0101 k\u0101 tr\u012bs br\u0101\u013cu un vi\u0146u br\u0101l\u0113na veidot\u0101 grupa nekad nav uzst\u0101jusies&#13;<br \/>\nne Igaunij\u0101, ne Somij\u0101, savuk\u0101rt Latvij\u0101 t\u0101 viesoj\u0101s pirms vair\u0101k nek\u0101 desmit&#13;<br \/>\ngadiem, uz \u0161o vasaras koncertu tiek gaid\u012bts liels apmekl\u0113t\u0101ju skaits no&#13;<br \/>\n\u0101rvalst\u012bm.<\/p>\n<p>Koncerts notiks \u201cUnibet Arena District\u201d \u2013 jaun\u0101, stadiona&#13;<br \/>\nm\u0113roga atv\u0113rt\u0101 pils\u0113tvides koncertviet\u0101, kas apmekl\u0113t\u0101jiem ir viegli&#13;<br \/>\nsasniedzama. Uz koncertu un m\u0101j\u0101s b\u016bs \u0113rti doties k\u0101j\u0101m, ar sabiedrisko&#13;<br \/>\ntransportu, velosip\u0113du vai (elektrisko) skrejriteni.<\/p>\n<p>\u201cKings of Leon\u201d uzst\u0101sies Tallin\u0101 2026. gada 14.&#13;<br \/>\nj\u016bnij\u0101, \u201cUnibet Arena District\u201d teritorij\u0101. Bi\u013cetes Baltij\u0101 un Skandin\u0101vij\u0101 b\u016bs&#13;<br \/>\npieejamas p\u0101rdo\u0161an\u0101 1. decembr\u012b plkst. 10.00, Latvij\u0101 &#8211; \u201cBi\u013ce\u0161u Serviss\u201d t\u012bkl\u0101.<\/p>\n<p>Pas\u0101kumu organiz\u0113 \u201cBaltic Live Agency\u201d, t\u0101s \u201cConcert Club\u201d&#13;<br \/>\nbiedriem bi\u013ce\u0161u iepriek\u0161p\u0101rdo\u0161ana b\u016bs pieejama jau no 28. novembra. Dal\u012bba&#13;<br \/>\nkoncertklub\u0101 ir bez maksas \u2013 pieteikties var <a target=\"_blank\" href=\"http:\/\/www.balticlive.ee\" rel=\"nofollow noopener\">www.balticlive.ee<\/a>.<\/p>\n<p><img decoding=\"async\" src=\"https:\/\/www.europesays.com\/lv\/wp-content\/uploads\/2025\/11\/b2e6dad21d1ba3cb214608953e36c3a4.jpg\" title=\"Kings of Leon. Foto: Publicit\u0101tes\" alt=\"Kings of Leon. Foto: Publicit\u0101tes\"\/><\/p>\n<p class=\"article-img-desc\">Kings of Leon. Foto: Publicit\u0101tes<\/p>\n","protected":false},"excerpt":{"rendered":"Rokgrupa \u201cKings of Leon\u201d n\u0101kamaj\u0101 vasar\u0101 sniegs&#13; koncertu Tallin\u0101 &#8211; \u201cUnibet Arena District\u201d teritorij\u0101 2026. gada 14. j\u016bnij\u0101,&hellip;\n","protected":false},"author":2,"featured_media":59380,"comment_status":"","ping_status":"","sticky":false,"template":"","format":"standard","meta":{"footnotes":""},"categories":[19],"tags":[129,5377,6114,2239,89,90,35,39,38,36,37,34,40,6115,5378,7059,6116,5379,7060],"class_list":{"0":"post-59379","1":"post","2":"type-post","3":"status-publish","4":"format-standard","5":"has-post-thumbnail","7":"category-izklaide","8":"tag-__typenameadvicekeyword","9":"tag-id143","10":"tag-id810","11":"tag-id93","12":"tag-entertainment","13":"tag-izklaide","14":"tag-latvia","15":"tag-latvian","16":"tag-latviesu","17":"tag-latviesu-valoda","18":"tag-latviesuvaloda","19":"tag-latvija","20":"tag-lv","21":"tag-slugigaunija","22":"tag-slugkoncerti","23":"tag-slugmuzika","24":"tag-titleigaunija","25":"tag-titlekoncerti","26":"tag-titlemuzika"},"share_on_mastodon":{"url":"https:\/\/pubeurope.com\/@lv\/115618413591016952","error":""},"_links":{"self":[{"href":"https:\/\/www.europesays.com\/lv\/wp-json\/wp\/v2\/posts\/59379","targetHints":{"allow":["GET"]}}],"collection":[{"href":"https:\/\/www.europesays.com\/lv\/wp-json\/wp\/v2\/posts"}],"about":[{"href":"https:\/\/www.europesays.com\/lv\/wp-json\/wp\/v2\/types\/post"}],"author":[{"embeddable":true,"href":"https:\/\/www.europesays.com\/lv\/wp-json\/wp\/v2\/users\/2"}],"replies":[{"embeddable":true,"href":"https:\/\/www.europesays.com\/lv\/wp-json\/wp\/v2\/comments?post=59379"}],"version-history":[{"count":0,"href":"https:\/\/www.europesays.com\/lv\/wp-json\/wp\/v2\/posts\/59379\/revisions"}],"wp:featuredmedia":[{"embeddable":true,"href":"https:\/\/www.europesays.com\/lv\/wp-json\/wp\/v2\/media\/59380"}],"wp:attachment":[{"href":"https:\/\/www.europesays.com\/lv\/wp-json\/wp\/v2\/media?parent=59379"}],"wp:term":[{"taxonomy":"category","embeddable":true,"href":"https:\/\/www.europesays.com\/lv\/wp-json\/wp\/v2\/categories?post=59379"},{"taxonomy":"post_tag","embeddable":true,"href":"https:\/\/www.europesays.com\/lv\/wp-json\/wp\/v2\/tags?post=59379"}],"curies":[{"name":"wp","href":"https:\/\/api.w.org\/{rel}","templated":true}]}}