{"id":59390,"date":"2025-11-26T22:59:16","date_gmt":"2025-11-26T22:59:16","guid":{"rendered":"https:\/\/www.europesays.com\/lv\/59390\/"},"modified":"2025-11-26T22:59:16","modified_gmt":"2025-11-26T22:59:16","slug":"koncertizrade-atdzivina-gunara-rozenberga-dzivesprieka-pilno-muziku-lente-lv","status":"publish","type":"post","link":"https:\/\/www.europesays.com\/lv\/59390\/","title":{"rendered":"Koncertizr\u0101de atdz\u012bvina Gun\u0101ra Rozenberga dz\u012bvesprieka pilno m\u016bziku\u00a0\u2014\u00a0Lente.lv"},"content":{"rendered":"<p>Koncertizr\u0101de \u00abDisko roze\u00bb godina komponistu Gun\u0101ru Rozenbergu ar dz\u012bvesprieka m\u016bziku<\/p>\n<p>Novembra vid\u016b m\u016bzikas nam\u0101 &#8220;Daile&#8221; notika gaid\u012bt\u0101s koncertizr\u0101des &#8220;Disko roze&#8221; pirmizr\u0101de, kas velt\u012bta izcil\u0101 latvie\u0161u komponista, trompetista un aran\u017e\u0113t\u0101ja Gun\u0101ra Rozenberga dai\u013cradei. \u0160is notikums, kas pulc\u0113ja gan m\u016bzi\u0137us, gan publiku, ir apliecin\u0101jums Rozenberga neatst\u0101tajai ietekmei uz Latvijas m\u016bzikas ainu, \u012bpa\u0161i d\u017eeza un estr\u0101des \u017eanros. Koncertizr\u0101des veidot\u0101ji un dal\u012bbnieki uzsver, ka Rozenberga ska\u0146darbi joproj\u0101m sp\u0113j rad\u012bt ne vien dz\u012bvesprieku, bet ar\u012b dzi\u013cu atzin\u012bbu par dz\u012bves skaistumu un bezr\u016bp\u012bgumu.<\/p>\n<p>Ce\u013cojums laik\u0101 caur Gun\u0101ra Rozenberga melodij\u0101m<\/p>\n<p>Koncertizr\u0101des &#8220;Disko roze&#8221; idejas autors un viens no galvenajiem atveidot\u0101jiem, aktieris Andris Kei\u0161s, atkl\u0101j, ka iedvesmu sm\u0113lies ne tikai no Gun\u0101ra Rozenberga dinamiskajiem ska\u0146darbiem, piem\u0113ram, tituldziesmas &#8220;Disko roze&#8221;, bet ar\u012b no R\u012bgas ener\u0123isk\u0101s jaun\u012bbas kult\u016bras un &#8220;R\u012bgas mode\u013cu nama&#8221; spilgtuma. \u0160\u012b koncertizr\u0101de nav biogr\u0101fisks atskats, bet gan aicin\u0101jums izbaud\u012bt laiku, kad m\u016bzika, mode un rado\u0161as person\u012bbas savijas vienot\u0101, lidojumam piln\u0101 pl\u016bsm\u0101. K\u0101 st\u0101sta Kei\u0161s, Rozenbergs bijis &#8220;\u012bpa\u0161s&#8221;, un ar vi\u0146u vienm\u0113r notiku\u0161as &#8220;neordin\u0101ras lietas&#8221;.<\/p>\n<blockquote>\n<p>&#8220;Caur &#8216;Disko rozi&#8217; gribas piesk\u0101rties laikam, kad visi dejoja, sm\u0113j\u0101s un virpu\u013coja \u2013 nevar\u0113dami nos\u0113d\u0113t mal\u0101!&#8221; \u2013 Andris Kei\u0161s.<\/p>\n<\/blockquote>\n<p>Rozenberga m\u016bzika, \u012bpa\u0161i vi\u0146a ori\u0123in\u0101ls un individu\u0101lais rokraksts, joproj\u0101m sp\u0113j aizkustin\u0101t klaus\u012bt\u0101jus. K\u0101rlis Vanags, &#8220;Dailes Big Band&#8221; m\u0101kslinieciskais vad\u012bt\u0101js, uzsver, ka katrs Rozenberga ska\u0146darbs ir k\u0101 st\u0101sts \u2013 spilgts, ori\u0123in\u0101ls un br\u012bvs, kas atkl\u0101j izcil\u0101 komponista un trompetista person\u012bbu vis\u0101 t\u0101s daudzpus\u012bb\u0101. Agnese Budovska, otra aktrise koncertizraks\u0113, piekr\u012bt, ka Rozenberga m\u016bzik\u0101 ir sp\u0113c\u012bgs raksturs, kas &#8220;lien \u0101r\u0101 k\u0101 \u012blens no maisa&#8221;, radot spilgtas emocijas un atg\u0101dinot par dz\u012bves skaistumu.<\/p>\n<p>Gun\u0101ra Rozenberga \u2013 talant\u012bg\u0101s person\u012bbas mantojums<\/p>\n<p>Gun\u0101rs Rozenbergs (1947-2009) bija daudzpus\u012bgs m\u016bzi\u0137is, kura karjera aptv\u0113ra daudzus noz\u012bm\u012bgus posmus Latvijas m\u016bzikas v\u0113stur\u0113. S\u0101cis savas gaitas k\u0101 trompetists Latvijas PSR Telev\u012bzijas un radio estr\u0101des or\u0137estr\u012b, vi\u0146\u0161 v\u0113l\u0101k k\u013cuva par t\u0101 diri\u0123entu, k\u0101 ar\u012b veidojis savu d\u017eeza kvartetu &#8220;2R+2B&#8221; un vad\u012bjis &#8220;Mirage Jazz Orchestra&#8221;. Rozenbergs ir ar\u012b autors apm\u0113ram 150 instrument\u0101liem ska\u0146darbiem un 50 dziesm\u0101m, k\u0101 ar\u012b m\u016bzikai le\u013c\u013cu te\u0101tra izr\u0101d\u0113m un aran\u017e\u0113jumiem daudziem latvie\u0161u komponistiem, tostarp paz\u012bstamajam Raimondam Paulam. Vi\u0146a ieguld\u012bjums nov\u0113rt\u0113ts ar\u012b ar Latvijas m\u016bzikas ierakstu Balvu par m\u016b\u017ea ieguld\u012bjumu 2008. gad\u0101. Lai gan Rozenberga dz\u012bves ce\u013c\u0161 nebija vienm\u0113r viegls, m\u016bzika vi\u0146am vienm\u0113r bijusi dz\u012bves galven\u0101 atbalsta staba. Vi\u0146a dai\u013crade, \u012bpa\u0161i ska\u0146darbs &#8220;Disko roze&#8221;, joproj\u0101m iedvesmo jaunus m\u0101ksliniekus un sniedz klaus\u012bt\u0101jiem neatsveramu prieku un dz\u012bves saj\u016btu.<\/p>\n<p>Koncertizr\u0101de &#8220;Disko roze&#8221; ir ne tikai velt\u012bjums Gun\u0101ra Rozenberga piemi\u0146ai, bet ar\u012b spilgts apliecin\u0101jums vi\u0146a m\u016bzikas neizs\u012bksto\u0161ajai ener\u0123ijai un sp\u0113jai rad\u012bt sv\u0113tkus klaus\u012bt\u0101ju sird\u012bs. Tas ir aicin\u0101jums atcer\u0113ties un izbaud\u012bt laiku, kad m\u016bzika bija dz\u012bvesprieka un bezr\u016bp\u012bbas avots, apliecinot, ka dz\u012bve patie\u0161\u0101m ir skaista.<\/p>\n","protected":false},"excerpt":{"rendered":"Koncertizr\u0101de \u00abDisko roze\u00bb godina komponistu Gun\u0101ru Rozenbergu ar dz\u012bvesprieka m\u016bziku Novembra vid\u016b m\u016bzikas nam\u0101 &#8220;Daile&#8221; notika gaid\u012bt\u0101s koncertizr\u0101des&hellip;\n","protected":false},"author":2,"featured_media":59391,"comment_status":"","ping_status":"","sticky":false,"template":"","format":"standard","meta":{"footnotes":""},"categories":[19],"tags":[15795,13112,89,13113,90,13912,35,39,38,194,36,37,34,40],"class_list":{"0":"post-59390","1":"post","2":"type-post","3":"status-publish","4":"format-standard","5":"has-post-thumbnail","7":"category-izklaide","8":"tag-dailes-big-band","9":"tag-disko-roze","10":"tag-entertainment","11":"tag-gunars-rozenbergs","12":"tag-izklaide","13":"tag-koncertizrade","14":"tag-latvia","15":"tag-latvian","16":"tag-latviesu","17":"tag-latviesu-muzika","18":"tag-latviesu-valoda","19":"tag-latviesuvaloda","20":"tag-latvija","21":"tag-lv"},"share_on_mastodon":{"url":"https:\/\/pubeurope.com\/@lv\/115618484299593746","error":""},"_links":{"self":[{"href":"https:\/\/www.europesays.com\/lv\/wp-json\/wp\/v2\/posts\/59390","targetHints":{"allow":["GET"]}}],"collection":[{"href":"https:\/\/www.europesays.com\/lv\/wp-json\/wp\/v2\/posts"}],"about":[{"href":"https:\/\/www.europesays.com\/lv\/wp-json\/wp\/v2\/types\/post"}],"author":[{"embeddable":true,"href":"https:\/\/www.europesays.com\/lv\/wp-json\/wp\/v2\/users\/2"}],"replies":[{"embeddable":true,"href":"https:\/\/www.europesays.com\/lv\/wp-json\/wp\/v2\/comments?post=59390"}],"version-history":[{"count":0,"href":"https:\/\/www.europesays.com\/lv\/wp-json\/wp\/v2\/posts\/59390\/revisions"}],"wp:featuredmedia":[{"embeddable":true,"href":"https:\/\/www.europesays.com\/lv\/wp-json\/wp\/v2\/media\/59391"}],"wp:attachment":[{"href":"https:\/\/www.europesays.com\/lv\/wp-json\/wp\/v2\/media?parent=59390"}],"wp:term":[{"taxonomy":"category","embeddable":true,"href":"https:\/\/www.europesays.com\/lv\/wp-json\/wp\/v2\/categories?post=59390"},{"taxonomy":"post_tag","embeddable":true,"href":"https:\/\/www.europesays.com\/lv\/wp-json\/wp\/v2\/tags?post=59390"}],"curies":[{"name":"wp","href":"https:\/\/api.w.org\/{rel}","templated":true}]}}