{"id":59428,"date":"2025-11-27T03:01:07","date_gmt":"2025-11-27T03:01:07","guid":{"rendered":"https:\/\/www.europesays.com\/lv\/59428\/"},"modified":"2025-11-27T03:01:07","modified_gmt":"2025-11-27T03:01:07","slug":"uber-aicina-autovaditajus-uz-zalaku-nakotni-ar-lidz-pat-4000-dolaru-bonusiem-lente-lv","status":"publish","type":"post","link":"https:\/\/www.europesays.com\/lv\/59428\/","title":{"rendered":"Uber aicina autovad\u012bt\u0101jus uz za\u013c\u0101ku n\u0101kotni ar l\u012bdz pat 4000 dol\u0101ru bonusiem\u00a0\u2014\u00a0Lente.lv"},"content":{"rendered":"<p>Uber finans\u0113 p\u0101reju uz elektroauto ar iespaid\u012bgiem bonusiem<\/p>\n<p>Komp\u0101nija Uber ir gatava ieguld\u012bt iev\u0113rojamus l\u012bdzek\u013cus, lai pa\u0101trin\u0101tu savu autovad\u012bt\u0101ju p\u0101reju uz piln\u012bb\u0101 elektriskiem transportl\u012bdzek\u013ciem. \u0160is drosm\u012bgais solis sak\u0146ojas uz\u0146\u0113muma ambiciozajos m\u0113r\u0137os \u2013 nodro\u0161in\u0101t, ka l\u012bdz 2030. gadam 100% braucienu ASV tiks veikti ar elektroauto, un l\u012bdz 2040. gadam \u0161is standarts tiks ieviests visos pasaules tirgos. Tom\u0113r, \u0146emot v\u0113r\u0101, ka iepriek\u0161\u0113j\u0101s nodok\u013cu atlaides vairs nav sp\u0113k\u0101, Uber ir akt\u012bvi mekl\u0113jis jaunus veidus, k\u0101 motiv\u0113t autovad\u012bt\u0101jus veikt \u0161o noz\u012bm\u012bgo p\u0101rmai\u0146u.<\/p>\n<p>Daudzsolo\u0161as dot\u0101cijas autovad\u012bt\u0101jiem<\/p>\n<p>Saska\u0146\u0101 ar zi\u0146\u0101m no The Verge, Uber tagad pied\u0101v\u0101 finansi\u0101las dot\u0101cijas l\u012bdz pat 4000 ASV dol\u0101riem tiem autovad\u012bt\u0101jiem, kuri ap\u0146emas nomain\u012bt savus tradicion\u0101los benz\u012bna dzin\u0113ju sp\u0113kratus pret nulles izme\u0161u elektriskajiem transportl\u012bdzek\u013ciem. S\u0101kotn\u0113ji \u0161\u012b izdev\u012bg\u0101 programma, kas nosaukta par \u201cGo Electric\u201d, b\u016bs pieejama autovad\u012bt\u0101jiem \u0145ujork\u0101, Kalifornij\u0101, Kolor\u0101do un Masa\u010d\u016bsets\u0101. Svar\u012bgi atz\u012bm\u0113t, ka \u0161\u012b iniciat\u012bva attiecas gan uz piln\u012bgi jaunu, gan ar\u012b uz lietotu elektroauto ieg\u0101di, padarot to pieejam\u0101ku pla\u0161\u0101kam autovad\u012bt\u0101ju lokam.<\/p>\n<p>Ce\u013c\u0161 uz za\u013c\u0101ku n\u0101kotni<\/p>\n<p>Lai gan \u0161\u012b programma ir jauns un iz\u0161\u0137ir\u012bgs solis, Uber jau iepriek\u0161 ir izr\u0101d\u012bjis ap\u0146em\u0161anos attiec\u012bb\u0101 uz ilgtsp\u0113j\u012bbu. Pag\u0101ju\u0161aj\u0101 gad\u0101 tika nosl\u0113gts strat\u0113\u0123isks partner\u012bbas l\u012bgums ar \u0136\u012bnas ra\u017eot\u0101ju BYD, lai nodro\u0161in\u0101tu elektroauto pieg\u0101di 100 000 autovad\u012bt\u0101jiem Eirop\u0101 un Lat\u012b\u0146amerik\u0101. \u0160obr\u012bd Uber platform\u0101 vis\u0101 pasaul\u0113 jau ir re\u0123istr\u0113ti aptuveni 200 000 elektroauto autovad\u012bt\u0101ju, kas liecina par pieaugo\u0161u interesi un piel\u0101go\u0161anos jaunaj\u0101m tendenc\u0113m.<\/p>\n<p>Izaicin\u0101jumi un risin\u0101jumi<\/p>\n<p>P\u0101rliecin\u0101t simtiem t\u016bksto\u0161u autovad\u012bt\u0101ju, kuri darbojas Uber platform\u0101, par p\u0101reju uz elektroauto nav vienk\u0101r\u0161s uzdevums. Daudzi no vi\u0146iem str\u0101d\u0101 k\u0101 neatkar\u012bgi darbu veic\u0113ji un izmanto savus person\u012bgos transportl\u012bdzek\u013cus, bie\u017ei vien sadarbojoties ar\u012b ar cit\u0101m taksometru pakalpojumu komp\u0101nij\u0101m. Turkl\u0101t elektroauto ieg\u0101des izmaksas tradicion\u0101li ir augst\u0101kas nek\u0101 benz\u012bna auto, pat neskatoties uz zem\u0101k\u0101m ekspluat\u0101cijas izmaks\u0101m attiec\u012bb\u0101 uz degvielu un apkopi. Tom\u0113r, k\u0101 redzams no jaun\u0101kajiem Uber so\u013ciem, ir skaidrs, ka komp\u0101nija ir ap\u0146\u0113musies \u0161os \u0161\u0137\u0113r\u0161\u013cus p\u0101rvar\u0113t.<\/p>\n<p>Uber Green att\u012bst\u012bba<\/p>\n<p>Iepriek\u0161\u0113j\u0101 Uber iniciat\u012bva \u201cUber Green\u201d, kas tagad p\u0101rtapusi par \u201cUber Electric\u201d, ir att\u012bst\u012bjusies, un tagad t\u0101 koncentr\u0113jas vien\u012bgi uz piln\u012bb\u0101 elektriskiem transportl\u012bdzek\u013ciem, izsl\u0113dzot hibr\u012bdauto. \u0160\u012b programma paredz, ka autovad\u012bt\u0101ji sa\u0146em papildu samaksu, parasti aptuveni 1 ASV dol\u0101ru, par katru braucienu, kas veikts ar \u201ct\u012bru\u201d transportu. Lai ar\u012b \u0161\u012b summa var \u0161\u0137ist neliela, t\u0101 ir papildu motiv\u0101cija un atzin\u012bba par vides saudz\u0113\u0161anu. Klienti, kuri izmantos \u201cUber Electric\u201d pakalpojumus, tuv\u0101k\u0101s ned\u0113\u013cas laik\u0101 var\u0113s baud\u012bt 20% atlaidi vai l\u012bdz pat 8 ASV dol\u0101riem, izmantojot rekl\u0101mas kodu GOELECTRIC20. \u0160\u0101di pas\u0101kumi ne tikai veicina elektroauto izmanto\u0161anu, bet ar\u012b padara tos pievilc\u012bg\u0101kus klientiem.<\/p>\n","protected":false},"excerpt":{"rendered":"Uber finans\u0113 p\u0101reju uz elektroauto ar iespaid\u012bgiem bonusiem Komp\u0101nija Uber ir gatava ieguld\u012bt iev\u0113rojamus l\u012bdzek\u013cus, lai pa\u0101trin\u0101tu savu&hellip;\n","protected":false},"author":2,"featured_media":59429,"comment_status":"","ping_status":"","sticky":false,"template":"","format":"standard","meta":{"footnotes":""},"categories":[16],"tags":[77,15809,76,2558,8231,35,39,38,36,37,34,40,15810,8698],"class_list":{"0":"post-59428","1":"post","2":"type-post","3":"status-publish","4":"format-standard","5":"has-post-thumbnail","7":"category-bizness","8":"tag-bizness","9":"tag-bonusi","10":"tag-business","11":"tag-elektroauto","12":"tag-ilgtspejiba","13":"tag-latvia","14":"tag-latvian","15":"tag-latviesu","16":"tag-latviesu-valoda","17":"tag-latviesuvaloda","18":"tag-latvija","19":"tag-lv","20":"tag-transportlidzekli","21":"tag-uber"},"share_on_mastodon":{"url":"https:\/\/pubeurope.com\/@lv\/115619435857071164","error":""},"_links":{"self":[{"href":"https:\/\/www.europesays.com\/lv\/wp-json\/wp\/v2\/posts\/59428","targetHints":{"allow":["GET"]}}],"collection":[{"href":"https:\/\/www.europesays.com\/lv\/wp-json\/wp\/v2\/posts"}],"about":[{"href":"https:\/\/www.europesays.com\/lv\/wp-json\/wp\/v2\/types\/post"}],"author":[{"embeddable":true,"href":"https:\/\/www.europesays.com\/lv\/wp-json\/wp\/v2\/users\/2"}],"replies":[{"embeddable":true,"href":"https:\/\/www.europesays.com\/lv\/wp-json\/wp\/v2\/comments?post=59428"}],"version-history":[{"count":0,"href":"https:\/\/www.europesays.com\/lv\/wp-json\/wp\/v2\/posts\/59428\/revisions"}],"wp:featuredmedia":[{"embeddable":true,"href":"https:\/\/www.europesays.com\/lv\/wp-json\/wp\/v2\/media\/59429"}],"wp:attachment":[{"href":"https:\/\/www.europesays.com\/lv\/wp-json\/wp\/v2\/media?parent=59428"}],"wp:term":[{"taxonomy":"category","embeddable":true,"href":"https:\/\/www.europesays.com\/lv\/wp-json\/wp\/v2\/categories?post=59428"},{"taxonomy":"post_tag","embeddable":true,"href":"https:\/\/www.europesays.com\/lv\/wp-json\/wp\/v2\/tags?post=59428"}],"curies":[{"name":"wp","href":"https:\/\/api.w.org\/{rel}","templated":true}]}}