{"id":59430,"date":"2025-11-27T03:04:08","date_gmt":"2025-11-27T03:04:08","guid":{"rendered":"https:\/\/www.europesays.com\/lv\/59430\/"},"modified":"2025-11-27T03:04:08","modified_gmt":"2025-11-27T03:04:08","slug":"agris-danilevics-par-grutibam-un-radoso-speku-lente-lv","status":"publish","type":"post","link":"https:\/\/www.europesays.com\/lv\/59430\/","title":{"rendered":"Agris Da\u0146i\u013cevi\u010ds par gr\u016bt\u012bb\u0101m un rado\u0161o sp\u0113ku\u00a0\u2014\u00a0Lente.lv"},"content":{"rendered":"<p>Deju skolas &#8220;Dzirnas&#8221; 40. jubileja un Agris Da\u0146i\u013cevi\u010ds<\/p>\n<p>Deju skola &#8220;Dzirnas&#8221;, kuru vada atrakt\u012bvais horeogr\u0101fs Agris Da\u0146i\u013cevi\u010ds, \u0161ogad ar v\u0113rienu atz\u012bm\u0113 savu 40. jubileju. \u0160is noz\u012bm\u012bgais notikums tiek godin\u0101ts ar iespaid\u012bgu dejas lieluzvedumu &#8220;Indulis un \u0100rija&#8221;, kas vienlaikus ir ar\u012b velt\u012bjums dzejnieka Rai\u0146a 160. dzim\u0161anas dienai. Pas\u0101kums, kas norisin\u0101j\u0101s 11. novembr\u012b &#8220;Xiaomi&#8221; ar\u0113n\u0101, pulc\u0113ja kuplu dejot\u0101ju un skat\u012bt\u0101ju pulku, apliecinot &#8220;Dzirnu&#8221; ilgsto\u0161o un spilgto kl\u0101tb\u016btni Latvijas deju kult\u016br\u0101.<\/p>\n<p>Agris Da\u0146i\u013cevi\u010ds, kur\u0161 ir gan skolas dibin\u0101t\u0101js, gan vad\u012bt\u0101js, ir devis milz\u012bgu ieguld\u012bjumu deju m\u0101kslas att\u012bst\u012bb\u0101 Latvij\u0101. Vi\u0146a horeogr\u0101fijas ir ne tikai tehniski izaicino\u0161as, bet ar\u012b dzi\u013ci emocion\u0101las, vienm\u0113r mekl\u0113jot jaunus izteiksmes veidus un pieejas. Run\u0101jot par darbu ar dejot\u0101jiem, Da\u0146i\u013cevi\u010ds uzsver, ka pieredz\u0113ju\u0161i dejot\u0101ji nereti apgalvo, ka dejot ir gr\u016bti, un \u0161im apgalvojumam ir v\u0113rts tic\u0113t, jo aiz katra gracioz\u0101 kust\u012bbas sl\u0113pjas neatlaid\u012bgs darbs un milz\u012bga aizraut\u012bba. \u0160is princips ir &#8220;Dzirnu&#8221; skolas pamat\u0101, veicinot univers\u0101lu dejot\u0101ju veido\u0161anos, kuri sp\u0113j br\u012bvi un dzi\u013ci pauzt idejas.<\/p>\n<p>Ce\u013c\u0161 no Krimuldas l\u012bdz R\u012bgas ar\u0113nai<\/p>\n<p>Deju skolas &#8220;Dzirnas&#8221; pirms\u0101kumi mekl\u0113jami 1985. gad\u0101 Krimuld\u0101, kad Agris Da\u0146i\u013cevi\u010ds dibin\u0101ja tautas deju grupu. Laika gait\u0101, pateicoties atv\u0113rt\u012bbai jaun\u0101m idej\u0101m un nep\u0101rtrauktai att\u012bst\u012bbai, &#8220;Dzirnas&#8221; p\u0101rauga par inovat\u012bvu deju skolu. 2002. gad\u0101 R\u012bg\u0101 tika atv\u0113rta studija, kas pied\u0101v\u0101 apg\u016bt pla\u0161u deju tehniku kl\u0101stu \u2013 no klasisk\u0101s dejas un d\u017eeza l\u012bdz hiphopam un laikmet\u012bgajai dejai. \u0160\u012b daudzpus\u012bba ir \u013c\u0101vusi &#8220;Dzirn\u0101m&#8221; rad\u012bt t\u0101dus iestud\u0113jumus k\u0101 &#8220;Mauglis&#8221;, &#8220;Maz\u0101 N\u0101ri\u0146a&#8221;, &#8220;Queen&#8221;, &#8220;Sp\u0113l\u0113ju, dancoju&#8221; un jaun\u0101ko \u2013 &#8220;Indulis un \u0100rija&#8221;, katrs no tiem apliecina kolekt\u012bva rado\u0161o sp\u0113ku un meistar\u012bbu.<\/p>\n<p>\u0160ogad, svinot 40 gadu jubileju, &#8220;Dzirnas&#8221; ar uzvedumu &#8220;Indulis un \u0100rija&#8221; par\u0101d\u012bja, ka sp\u0113j apvienot da\u017e\u0101das paaudzes un iedvesmot ar sp\u0113c\u012bgu patriotisku st\u0101stu. K\u0101 nor\u0101d\u012bjis pats Da\u0146i\u013cevi\u010ds, sadarb\u012bba ar re\u017eisoru Intaru Re\u0161etinu-P\u0113tersonu un komponistu Valteru P\u016bci rad\u012bju\u0161i jaunu interpret\u0101ciju Rai\u0146a darbam, kas \u013cauj skat\u012bt\u0101jiem dzi\u013ci p\u0101rdom\u0101t m\u012blest\u012bbas, pien\u0101kuma un br\u012bv\u012bbas t\u0113mas, vienlaikus demonstr\u0113jot dejas sp\u0113ku un latvie\u0161u kult\u016bras bag\u0101t\u012bbu.<\/p>\n<p>Agris Da\u0146i\u013cevi\u010ds \u2013 &#8220;Dzirnu&#8221; dv\u0113sele<\/p>\n<p>Agris Da\u0146i\u013cevi\u010ds raid\u012bjum\u0101 &#8220;Kult\u016brdeva&#8221; atskat\u012bj\u0101s ne tikai uz &#8220;Dzirnu&#8221; jubilejas gada notikumiem, bet ar\u012b uz savu person\u012bgo ce\u013cu horeogr\u0101fij\u0101. Vi\u0146a sp\u0113ja iedvesmot, vad\u012bt un rad\u012bt ir padar\u012bjusi &#8220;Dzirnas&#8221; par vienu no atz\u012bt\u0101kaj\u0101m deju skol\u0101m Latvij\u0101. Vi\u0146a filozofija par dejot\u0101ju sagatavo\u0161anu, kur\u0101 uzsv\u0113rta gan individu\u0101l\u0101 meistar\u012bba, gan sp\u0113ja str\u0101d\u0101t kop\u0101, ir devusi aug\u013cus, veidojot univers\u0101lus m\u0101ksliniekus. Da\u0146i\u013cevi\u010ds ir ar\u012b triju Zvaig\u017e\u0146u orde\u0146a kavalieris, kura darbi ir neat\u0146emama Visp\u0101r\u0113jo latvie\u0161u Dziesmu un Deju sv\u0113tku sast\u0101vda\u013ca, apliecinot vi\u0146a noz\u012bm\u012bgo ieguld\u012bjumu valsts kult\u016br\u0101. Neskatoties uz aiz\u0146emto grafiku un daudzajiem projektiem, Da\u0146i\u013cevi\u010ds saglab\u0101 sp\u0113ju b\u016bt kl\u0101teso\u0161am un iesaist\u012bties, pat aizst\u0101jot slimos skolot\u0101jus, apliecinot savu dzi\u013co saikni ar katru dejot\u0101ju.<\/p>\n","protected":false},"excerpt":{"rendered":"Deju skolas &#8220;Dzirnas&#8221; 40. jubileja un Agris Da\u0146i\u013cevi\u010ds Deju skola &#8220;Dzirnas&#8221;, kuru vada atrakt\u012bvais horeogr\u0101fs Agris Da\u0146i\u013cevi\u010ds, \u0161ogad&hellip;\n","protected":false},"author":2,"featured_media":59431,"comment_status":"","ping_status":"","sticky":false,"template":"","format":"standard","meta":{"footnotes":""},"categories":[5],"tags":[273,23,28,29,5882,32,33,22,30,31,35,39,38,36,37,34,40,20,26,27,24,25,21],"class_list":{"0":"post-59430","1":"post","2":"type-post","3":"status-publish","4":"format-standard","5":"has-post-thumbnail","7":"category-aktualitates","8":"tag-agris-danilevics","9":"tag-aktualitates","10":"tag-breaking-news","11":"tag-breakingnews","12":"tag-deju-skola","13":"tag-featured-news","14":"tag-featurednews","15":"tag-headlines","16":"tag-latest-news","17":"tag-latestnews","18":"tag-latvia","19":"tag-latvian","20":"tag-latviesu","21":"tag-latviesu-valoda","22":"tag-latviesuvaloda","23":"tag-latvija","24":"tag-lv","25":"tag-news","26":"tag-popularakas-zinas","27":"tag-popularakaszinas","28":"tag-top-stories","29":"tag-topstories","30":"tag-zinas"},"share_on_mastodon":{"url":"https:\/\/pubeurope.com\/@lv\/115619447759325346","error":""},"_links":{"self":[{"href":"https:\/\/www.europesays.com\/lv\/wp-json\/wp\/v2\/posts\/59430","targetHints":{"allow":["GET"]}}],"collection":[{"href":"https:\/\/www.europesays.com\/lv\/wp-json\/wp\/v2\/posts"}],"about":[{"href":"https:\/\/www.europesays.com\/lv\/wp-json\/wp\/v2\/types\/post"}],"author":[{"embeddable":true,"href":"https:\/\/www.europesays.com\/lv\/wp-json\/wp\/v2\/users\/2"}],"replies":[{"embeddable":true,"href":"https:\/\/www.europesays.com\/lv\/wp-json\/wp\/v2\/comments?post=59430"}],"version-history":[{"count":0,"href":"https:\/\/www.europesays.com\/lv\/wp-json\/wp\/v2\/posts\/59430\/revisions"}],"wp:featuredmedia":[{"embeddable":true,"href":"https:\/\/www.europesays.com\/lv\/wp-json\/wp\/v2\/media\/59431"}],"wp:attachment":[{"href":"https:\/\/www.europesays.com\/lv\/wp-json\/wp\/v2\/media?parent=59430"}],"wp:term":[{"taxonomy":"category","embeddable":true,"href":"https:\/\/www.europesays.com\/lv\/wp-json\/wp\/v2\/categories?post=59430"},{"taxonomy":"post_tag","embeddable":true,"href":"https:\/\/www.europesays.com\/lv\/wp-json\/wp\/v2\/tags?post=59430"}],"curies":[{"name":"wp","href":"https:\/\/api.w.org\/{rel}","templated":true}]}}