{"id":59432,"date":"2025-11-27T03:05:08","date_gmt":"2025-11-27T03:05:08","guid":{"rendered":"https:\/\/www.europesays.com\/lv\/59432\/"},"modified":"2025-11-27T03:05:08","modified_gmt":"2025-11-27T03:05:08","slug":"horoskops-ceturtdienai-27-novembris-tvnet","status":"publish","type":"post","link":"https:\/\/www.europesays.com\/lv\/59432\/","title":{"rendered":"Horoskops ceturtdienai, 27. novembris &#8211; TVNET"},"content":{"rendered":"<ol>\n<li><a href=\"https:\/\/news.google.com\/rss\/articles\/CBMickFVX3lxTE8waVdCUWtnemdSZHI2NmkxQzg3Q2VRMEdFejc2cjdwT0pONERUTFFidGxHRmdxSkRJY1JMNFB1bHBRX1VPb1UwT2dHRnlhTm1VX3ozNC1MMVN6RUZpNXBSODlET1BRMDd0cHhCS1RpRUpldw?oc=5\" target=\"_blank\" rel=\"nofollow noopener\">Horoskops ceturtdienai, 27. novembris<\/a>&nbsp;&nbsp;TVNET<\/li>\n<li><a href=\"https:\/\/news.google.com\/rss\/articles\/CBMikAFBVV95cUxQWWN3N3dBVE1tWEVvLVdlZllPU0J2UTBfT3U2ZEdnOC0wN3llM2RiQnRLNjV1Unh2bTlHYkI5V09BRks1YzhiYUt4dTlaYXRJeVFDOTNrSUp2Q0JUcUxRV1RMRWxyX3E3MGZST01ORWpZdWMyOHVJeG5sOVNGeF82S1JuMkZVcXVwd1BwYzEtTXA?oc=5\" target=\"_blank\" rel=\"nofollow noopener\">Horoskopi 27. novembrim. \u0160odien impuls\u012bva r\u012bc\u012bba var rad\u012bt sare\u017e\u0123\u012bjumus<\/a>&nbsp;&nbsp;LA.LV<\/li>\n<li><a href=\"https:\/\/news.google.com\/rss\/articles\/CBMisgFBVV95cUxOZWFEY09ZblhHalZuMGF1Wm1XRzR1UXl3WTdqMS1tRC1vQXpleE1qMThxMmxraXlzQ2s3TU5HSFExYzFZakNSdHktTjZUVFg1Ry1GSXVYNWZSYnFiTGF6X3huN0NjTFgxYk9EbzBZM3dJb0RFSk1KcFhYYVkzbFNEa183eC0tSDZoWmJqcU9va0lIVVBTOTcyOXRLUHpNWGlLV2NNcVdKc3BYUlhxT01JS0Vn?oc=5\" target=\"_blank\" rel=\"nofollow noopener\">Horoskops 27. novembrim: Svariem &#8211; p\u0113k\u0161\u0146i labumi, V\u0113rsim &#8211; \u0161\u0137\u0113r\u0161\u013ci uz pan\u0101kumiem<\/a>&nbsp;&nbsp;reitingi.lv<\/li>\n<li><a href=\"https:\/\/news.google.com\/rss\/articles\/CBMid0FVX3lxTE0yYUp0SkRKa3NXemRCVHk1N3J5XzFmVXU4eXlyMG1tMWttREI0bGRWYUozY3RubkpGTEtRLWtTa1F5bnNrTEF3N0dQUjl1enZlTWk4Z0lhQU5BWkIwd2t6aC1RMGFTRHFVcUR0VUdIQTI1bGMtQS1z?oc=5\" target=\"_blank\" rel=\"nofollow noopener\">V\u0113\u017eiem ieteicama piesardz\u012bba darba koridoros, Skorpioni var pa\u013cauties uz intu\u012bciju \u2013 21. novembra horoskops<\/a>&nbsp;&nbsp;tv3.lv<\/li>\n<li><a href=\"https:\/\/news.google.com\/rss\/articles\/CBMid0FVX3lxTE13cnVoZHJjU080ZGhhbF8yRFNVX2t1ZDBIZTV0RnpRUmQzdzZMWF9FSTV4UUVIcVZFdHBUMjMtNk1wZlNhYXlGbHhkSnFhbDVjY0VIRXNacW9CTGhwWW9kSnUyLXdSMVhteWZCb2d4N24yLTMyZ0JV?oc=5\" target=\"_blank\" rel=\"nofollow noopener\">Horoskops (21.-27. novembrim)<\/a>&nbsp;&nbsp;Dzirkstele.lv<\/li>\n<\/ol>\n","protected":false},"excerpt":{"rendered":"Horoskops ceturtdienai, 27. novembris&nbsp;&nbsp;TVNET Horoskopi 27. novembrim. \u0160odien impuls\u012bva r\u012bc\u012bba var rad\u012bt sare\u017e\u0123\u012bjumus&nbsp;&nbsp;LA.LV Horoskops 27. novembrim: Svariem &#8211;&hellip;\n","protected":false},"author":2,"featured_media":59433,"comment_status":"","ping_status":"","sticky":false,"template":"","format":"standard","meta":{"footnotes":""},"categories":[19],"tags":[63,65,60,89,59,90,70,64,35,39,38,36,37,34,40,68,69,66,67,62,21,61],"class_list":{"0":"post-59432","1":"post","2":"type-post","3":"status-publish","4":"format-standard","5":"has-post-thumbnail","7":"category-izklaide","8":"tag-arvalstis","9":"tag-auto","10":"tag-egoiste","11":"tag-entertainment","12":"tag-financenet","13":"tag-izklaide","14":"tag-klik","15":"tag-kultura","16":"tag-latvia","17":"tag-latvian","18":"tag-latviesu","19":"tag-latviesu-valoda","20":"tag-latviesuvaloda","21":"tag-latvija","22":"tag-lv","23":"tag-maja","24":"tag-receptes","25":"tag-sejas","26":"tag-sports","27":"tag-viedokli","28":"tag-zinas","29":"tag-zinatne"},"share_on_mastodon":{"url":"https:\/\/pubeurope.com\/@lv\/115619451534487580","error":""},"_links":{"self":[{"href":"https:\/\/www.europesays.com\/lv\/wp-json\/wp\/v2\/posts\/59432","targetHints":{"allow":["GET"]}}],"collection":[{"href":"https:\/\/www.europesays.com\/lv\/wp-json\/wp\/v2\/posts"}],"about":[{"href":"https:\/\/www.europesays.com\/lv\/wp-json\/wp\/v2\/types\/post"}],"author":[{"embeddable":true,"href":"https:\/\/www.europesays.com\/lv\/wp-json\/wp\/v2\/users\/2"}],"replies":[{"embeddable":true,"href":"https:\/\/www.europesays.com\/lv\/wp-json\/wp\/v2\/comments?post=59432"}],"version-history":[{"count":0,"href":"https:\/\/www.europesays.com\/lv\/wp-json\/wp\/v2\/posts\/59432\/revisions"}],"wp:featuredmedia":[{"embeddable":true,"href":"https:\/\/www.europesays.com\/lv\/wp-json\/wp\/v2\/media\/59433"}],"wp:attachment":[{"href":"https:\/\/www.europesays.com\/lv\/wp-json\/wp\/v2\/media?parent=59432"}],"wp:term":[{"taxonomy":"category","embeddable":true,"href":"https:\/\/www.europesays.com\/lv\/wp-json\/wp\/v2\/categories?post=59432"},{"taxonomy":"post_tag","embeddable":true,"href":"https:\/\/www.europesays.com\/lv\/wp-json\/wp\/v2\/tags?post=59432"}],"curies":[{"name":"wp","href":"https:\/\/api.w.org\/{rel}","templated":true}]}}