{"id":59471,"date":"2025-11-27T05:21:13","date_gmt":"2025-11-27T05:21:13","guid":{"rendered":"https:\/\/www.europesays.com\/lv\/59471\/"},"modified":"2025-11-27T05:21:13","modified_gmt":"2025-11-27T05:21:13","slug":"video-%e2%9f%a9-policija-ropazu-novada-aptur-autovaditaju-kurs-brauc-ar-atrumu-205-km-h","status":"publish","type":"post","link":"https:\/\/www.europesays.com\/lv\/59471\/","title":{"rendered":"VIDEO \u27e9 Policija Ropa\u017eu novad\u0101 aptur autovad\u012bt\u0101ju, kur\u0161 brauc ar \u0101trumu 205 km\/h"},"content":{"rendered":"<p>Apturot sp\u0113krata vad\u012bt\u0101ju, likumsargi konstat\u0113ja, ka v\u0113l bez \u0101truma p\u0101rsnieg\u0161anas vi\u0146\u0161 brauc bez ieg\u016bt\u0101m transportl\u012bdzek\u013ca vad\u012b\u0161anas ties\u012bb\u0101m. Par \u0101truma p\u0101rsnieg\u0161anu autovad\u012bt\u0101jam piespriests 1500 eiro naudas sods, un, \u0146emot v\u0113r\u0101, ka vi\u0146am nav ieg\u016btas ties\u012bbas, tad vi\u0146am piem\u0113rots aizliegums ieg\u016bt transportl\u012bdzek\u013ca vad\u012b\u0161anas ties\u012bbas uz 12 m\u0113ne\u0161iem. T\u0101pat par brauk\u0161anu bez ties\u012bb\u0101m piespriests sods 400 eiro apm\u0113r\u0101.<\/p>\n<p>V\u0113l \u0161aj\u0101 dien\u0101 likumsargi, veicot satiksmes uzraudz\u012bbu uz autoce\u013ca A9 (R\u012bga \u2013 Liep\u0101ja), fiks\u0113ja k\u0101du \u201cVolvo\u201d markas sp\u0113krata vad\u012bt\u0101ju, kur\u0161 at\u013cauto 70 km\/h viet\u0101 brauca ar 123 km\/h. Ar\u012b \u0161o vad\u012bt\u0101ju likumsargi aptur\u0113ja, un vi\u0146\u0161 tika saukts pie administrat\u012bv\u0101s atbild\u012bbas par at\u013caut\u0101 \u0101truma p\u0101rsnieg\u0161anu.<\/p>\n<p><a href=\"https:\/\/www.apollo.lv\/term\/555407\/valsts-policija\" class=\"topicLink\" target=\"_blank\" rel=\"nofollow noopener\">Valsts policija<\/a> ikdien\u0101 veic satiksmes dal\u012bbnieku uzraudz\u012bbu, lai attur\u0113tu transportl\u012bdzek\u013cu vad\u012bt\u0101jus no b\u012bstamu manevru veik\u0161anas un at\u013caut\u0101 brauk\u0161anas \u0101truma p\u0101rsnieg\u0161anas, un atg\u0101din\u0101tu ikvienam vad\u012bt\u0101jam, ka \u0101truma p\u0101rsnieg\u0161ana var rad\u012bt re\u0101lus draudus gan pa\u0161am, gan apk\u0101rt\u0113jiem satiksmes dal\u012bbniekiem.<\/p>\n","protected":false},"excerpt":{"rendered":"Apturot sp\u0113krata vad\u012bt\u0101ju, likumsargi konstat\u0113ja, ka v\u0113l bez \u0101truma p\u0101rsnieg\u0161anas vi\u0146\u0161 brauc bez ieg\u016bt\u0101m transportl\u012bdzek\u013ca vad\u012b\u0161anas ties\u012bb\u0101m. Par&hellip;\n","protected":false},"author":2,"featured_media":59472,"comment_status":"","ping_status":"","sticky":false,"template":"","format":"standard","meta":{"footnotes":""},"categories":[12],"tags":[23,15814,28,29,32,33,22,30,31,35,39,38,36,37,34,40,20,26,27,172,24,25,138,21],"class_list":{"0":"post-59471","1":"post","2":"type-post","3":"status-publish","4":"format-standard","5":"has-post-thumbnail","7":"category-latvija","8":"tag-aktualitates","9":"tag-autovaditajs","10":"tag-breaking-news","11":"tag-breakingnews","12":"tag-featured-news","13":"tag-featurednews","14":"tag-headlines","15":"tag-latest-news","16":"tag-latestnews","17":"tag-latvia","18":"tag-latvian","19":"tag-latviesu","20":"tag-latviesu-valoda","21":"tag-latviesuvaloda","22":"tag-latvija","23":"tag-lv","24":"tag-news","25":"tag-popularakas-zinas","26":"tag-popularakaszinas","27":"tag-riga","28":"tag-top-stories","29":"tag-topstories","30":"tag-valsts-policija","31":"tag-zinas"},"share_on_mastodon":{"url":"https:\/\/pubeurope.com\/@lv\/115619986381278504","error":""},"_links":{"self":[{"href":"https:\/\/www.europesays.com\/lv\/wp-json\/wp\/v2\/posts\/59471","targetHints":{"allow":["GET"]}}],"collection":[{"href":"https:\/\/www.europesays.com\/lv\/wp-json\/wp\/v2\/posts"}],"about":[{"href":"https:\/\/www.europesays.com\/lv\/wp-json\/wp\/v2\/types\/post"}],"author":[{"embeddable":true,"href":"https:\/\/www.europesays.com\/lv\/wp-json\/wp\/v2\/users\/2"}],"replies":[{"embeddable":true,"href":"https:\/\/www.europesays.com\/lv\/wp-json\/wp\/v2\/comments?post=59471"}],"version-history":[{"count":0,"href":"https:\/\/www.europesays.com\/lv\/wp-json\/wp\/v2\/posts\/59471\/revisions"}],"wp:featuredmedia":[{"embeddable":true,"href":"https:\/\/www.europesays.com\/lv\/wp-json\/wp\/v2\/media\/59472"}],"wp:attachment":[{"href":"https:\/\/www.europesays.com\/lv\/wp-json\/wp\/v2\/media?parent=59471"}],"wp:term":[{"taxonomy":"category","embeddable":true,"href":"https:\/\/www.europesays.com\/lv\/wp-json\/wp\/v2\/categories?post=59471"},{"taxonomy":"post_tag","embeddable":true,"href":"https:\/\/www.europesays.com\/lv\/wp-json\/wp\/v2\/tags?post=59471"}],"curies":[{"name":"wp","href":"https:\/\/api.w.org\/{rel}","templated":true}]}}