{"id":59493,"date":"2025-11-27T06:04:20","date_gmt":"2025-11-27T06:04:20","guid":{"rendered":"https:\/\/www.europesays.com\/lv\/59493\/"},"modified":"2025-11-27T06:04:20","modified_gmt":"2025-11-27T06:04:20","slug":"video-%e2%9f%a9-vecriga-jaunietis-konflikta-laika-izsavis-no-ieroca","status":"publish","type":"post","link":"https:\/\/www.europesays.com\/lv\/59493\/","title":{"rendered":"VIDEO \u27e9 Vecr\u012bg\u0101 jaunietis konflikta laik\u0101 iz\u0161\u0101vis no iero\u010da"},"content":{"rendered":"<p>19. novembr\u012b pa\u0161vald\u012bbas policijas Videonov\u0113ro\u0161anas centra darbinieki kamer\u0101s iev\u0113roja tr\u012bs jaunie\u0161us, starp kuriem bija izc\u0113lies konflikts. T\u0101 laik\u0101 viens no iesaist\u012btajiem no jakas kabatas izvilka un gais\u0101 iz\u0161\u0101va ar \u0161aujamierocim l\u012bdz\u012bgu priek\u0161metu.<\/p>\n<p>Inform\u0101cija nekav\u0113joties tika nodota tuv\u0101kajai pa\u0161vald\u012bbas policijas ekip\u0101\u017eai, kas jau p\u0113c nepilnas min\u016btes ierad\u0101s notikuma viet\u0101 un aiztur\u0113ja jaunieti ar ieroci.<\/p>\n<p>Jaunietis paskaidroja, ka ieroci esot izmantojis pa\u0161aizsardz\u012bbas nol\u016bkos, jo vi\u0146am ar draugu esot izveidojies konflikts ar citu jaunieti.<\/p>\n<p>Uzreiz p\u0113c tam uz notikuma vietu tika izsaukti Valsts policijas darbinieki, kuri p\u0101r\u0146\u0113ma darbu adres\u0113 turpm\u0101ko procesu\u0101lo darb\u012bbu veik\u0161anai.<\/p>\n","protected":false},"excerpt":{"rendered":"19. novembr\u012b pa\u0161vald\u012bbas policijas Videonov\u0113ro\u0161anas centra darbinieki kamer\u0101s iev\u0113roja tr\u012bs jaunie\u0161us, starp kuriem bija izc\u0113lies konflikts. T\u0101 laik\u0101&hellip;\n","protected":false},"author":2,"featured_media":59494,"comment_status":"","ping_status":"","sticky":false,"template":"","format":"standard","meta":{"footnotes":""},"categories":[5],"tags":[23,28,29,32,33,22,30,31,35,39,38,36,37,34,40,20,163,26,27,24,25,581,21],"class_list":{"0":"post-59493","1":"post","2":"type-post","3":"status-publish","4":"format-standard","5":"has-post-thumbnail","7":"category-aktualitates","8":"tag-aktualitates","9":"tag-breaking-news","10":"tag-breakingnews","11":"tag-featured-news","12":"tag-featurednews","13":"tag-headlines","14":"tag-latest-news","15":"tag-latestnews","16":"tag-latvia","17":"tag-latvian","18":"tag-latviesu","19":"tag-latviesu-valoda","20":"tag-latviesuvaloda","21":"tag-latvija","22":"tag-lv","23":"tag-news","24":"tag-policija","25":"tag-popularakas-zinas","26":"tag-popularakaszinas","27":"tag-top-stories","28":"tag-topstories","29":"tag-vecriga","30":"tag-zinas"},"share_on_mastodon":{"url":"https:\/\/pubeurope.com\/@lv\/115620155471742081","error":""},"_links":{"self":[{"href":"https:\/\/www.europesays.com\/lv\/wp-json\/wp\/v2\/posts\/59493","targetHints":{"allow":["GET"]}}],"collection":[{"href":"https:\/\/www.europesays.com\/lv\/wp-json\/wp\/v2\/posts"}],"about":[{"href":"https:\/\/www.europesays.com\/lv\/wp-json\/wp\/v2\/types\/post"}],"author":[{"embeddable":true,"href":"https:\/\/www.europesays.com\/lv\/wp-json\/wp\/v2\/users\/2"}],"replies":[{"embeddable":true,"href":"https:\/\/www.europesays.com\/lv\/wp-json\/wp\/v2\/comments?post=59493"}],"version-history":[{"count":0,"href":"https:\/\/www.europesays.com\/lv\/wp-json\/wp\/v2\/posts\/59493\/revisions"}],"wp:featuredmedia":[{"embeddable":true,"href":"https:\/\/www.europesays.com\/lv\/wp-json\/wp\/v2\/media\/59494"}],"wp:attachment":[{"href":"https:\/\/www.europesays.com\/lv\/wp-json\/wp\/v2\/media?parent=59493"}],"wp:term":[{"taxonomy":"category","embeddable":true,"href":"https:\/\/www.europesays.com\/lv\/wp-json\/wp\/v2\/categories?post=59493"},{"taxonomy":"post_tag","embeddable":true,"href":"https:\/\/www.europesays.com\/lv\/wp-json\/wp\/v2\/tags?post=59493"}],"curies":[{"name":"wp","href":"https:\/\/api.w.org\/{rel}","templated":true}]}}