{"id":59505,"date":"2025-11-27T06:32:08","date_gmt":"2025-11-27T06:32:08","guid":{"rendered":"https:\/\/www.europesays.com\/lv\/59505\/"},"modified":"2025-11-27T06:32:08","modified_gmt":"2025-11-27T06:32:08","slug":"ar-pasreizejiem-tempiem-krievija-doneckas-apgabalu-ienems-tikai-augusta","status":"publish","type":"post","link":"https:\/\/www.europesays.com\/lv\/59505\/","title":{"rendered":"Ar pa\u0161reiz\u0113jiem tempiem Krievija Doneckas apgabalu ie\u0146ems tikai august\u0101"},"content":{"rendered":"<p>Krievijas karasp\u0113ks Pokrovsk\u0101 pirmo reizi ien\u0101ca 31. j\u016blij\u0101 un kop\u0161 t\u0101 laika l\u012bdz 26. novembrim ir virz\u012bjies uz priek\u0161u vid\u0113ji 0,12 kilometrus dien\u0101, nor\u0101da domn\u012bcas anal\u012bti\u0137i.<\/p>\n<p>&#8220;Krievijas karasp\u0113ks nav ie\u0146\u0113mis Pokrovsku, 11,5 kvadr\u0101tkilometru lielo pils\u0113tu, lai gan pils\u0113t\u0101 darbojies vair\u0101k nek\u0101 118 dienas,&#8221; teikts zi\u0146ojum\u0101.<\/p>\n<p>&#8220;L\u012bdz 26. novembrim [krievi] ir nostiprin\u0101ju\u0161i 66% Pokrovskas, kas ir mazs procents, \u0146emot v\u0113r\u0101 laiku un cilv\u0113kresursus &#8211; tie ir vismaz divu apvienoto armiju elementi -, ko <a href=\"https:\/\/www.tvnet.lv\/term\/555452\/krievija\" class=\"topicLink\" target=\"_blank\" rel=\"nofollow noopener\">Krievija<\/a> velt\u012bjusi \u0161iem centieniem,&#8221; nor\u0101da ISW.<\/p>\n<p>&#8220;Realit\u0101te kaujaslauk\u0101 liecina, ka Krievijas uzvara Ukrain\u0101 neb\u016bt nav dro\u0161a,&#8221; uzsver anal\u012bti\u0137i.<\/p>\n<p>&#8220;[Krievijas diktators Vladimirs] Putins un Krievijas armijas komandieri cen\u0161as att\u0113lot Krieviju k\u0101 sp\u0113j\u012bgu \u0101tri milit\u0101ri ie\u0146emt Doneckas apgabalu, ta\u010du ticami dati par Krievijas progresa tempu Doneckas apgabal\u0101 neliecina, ka Krievijas karasp\u0113ks neizb\u0113gami ie\u0146ems p\u0101r\u0113jo apgabala da\u013cu,&#8221; uzskata anal\u012bti\u0137i.<\/p>\n<p>Krievijas karasp\u0113ks par priorit\u0101ti bija izvirz\u012bjis Pokrovskas un Mirnohradas ie\u0146em\u0161anas pabeig\u0161anu, ta\u010du \u0161o uzdevumu pild\u012bja l\u0113ni, jo Ukrainas karav\u012briem izdev\u0101s notur\u0113t Krievijas virz\u012b\u0161an\u0101s tempu Pokrovsk\u0101 l\u0113nu.<\/p>\n<p>Dienu iepriek\u0161 Ukrainas armijas grupa &#8220;Austrumi&#8221; zi\u0146oja, ka iev\u0113rojamo zaud\u0113jumu d\u0113\u013c Krievija bija spiesta izmantot rezerves sp\u0113kus Pokrovskas \u0161turm\u0113\u0161anai, m\u0113\u0123inot iek\u013c\u016bt pils\u0113tas dienvidu da\u013c\u0101 un virz\u012bt nelielas grupas uz centr\u0101lo da\u013cu.<\/p>\n<p>Ukrainas aizst\u0101vji aptur ienaidnieka virz\u012b\u0161anos, akt\u012bvi trauc\u0113jot lo\u0123istiku un izmantojot in\u017eeniertehniskos sp\u0113kus aizsardz\u012bbas koridoru izb\u016bvei.<\/p>\n","protected":false},"excerpt":{"rendered":"Krievijas karasp\u0113ks Pokrovsk\u0101 pirmo reizi ien\u0101ca 31. j\u016blij\u0101 un kop\u0161 t\u0101 laika l\u012bdz 26. novembrim ir virz\u012bjies uz&hellip;\n","protected":false},"author":2,"featured_media":59506,"comment_status":"","ping_status":"","sticky":false,"template":"","format":"standard","meta":{"footnotes":""},"categories":[14],"tags":[23,57,3700,28,29,32,33,22,234,74,30,31,35,39,38,36,37,34,40,20,26,27,24,25,276,54,55,56,21,58],"class_list":{"0":"post-59505","1":"post","2":"type-post","3":"status-publish","4":"format-standard","5":"has-post-thumbnail","7":"category-zinas-no-arvalstim","8":"tag-aktualitates","9":"tag-arvalstim","10":"tag-autoritarisma-ena-par-eiropu","11":"tag-breaking-news","12":"tag-breakingnews","13":"tag-featured-news","14":"tag-featurednews","15":"tag-headlines","16":"tag-krievija","17":"tag-krievijas-iebrukums-ukraina","18":"tag-latest-news","19":"tag-latestnews","20":"tag-latvia","21":"tag-latvian","22":"tag-latviesu","23":"tag-latviesu-valoda","24":"tag-latviesuvaloda","25":"tag-latvija","26":"tag-lv","27":"tag-news","28":"tag-popularakas-zinas","29":"tag-popularakaszinas","30":"tag-top-stories","31":"tag-topstories","32":"tag-ukraina","33":"tag-world","34":"tag-world-news","35":"tag-worldnews","36":"tag-zinas","37":"tag-zinas-no-arvalstim"},"share_on_mastodon":{"url":"https:\/\/pubeurope.com\/@lv\/115620265513743717","error":""},"_links":{"self":[{"href":"https:\/\/www.europesays.com\/lv\/wp-json\/wp\/v2\/posts\/59505","targetHints":{"allow":["GET"]}}],"collection":[{"href":"https:\/\/www.europesays.com\/lv\/wp-json\/wp\/v2\/posts"}],"about":[{"href":"https:\/\/www.europesays.com\/lv\/wp-json\/wp\/v2\/types\/post"}],"author":[{"embeddable":true,"href":"https:\/\/www.europesays.com\/lv\/wp-json\/wp\/v2\/users\/2"}],"replies":[{"embeddable":true,"href":"https:\/\/www.europesays.com\/lv\/wp-json\/wp\/v2\/comments?post=59505"}],"version-history":[{"count":0,"href":"https:\/\/www.europesays.com\/lv\/wp-json\/wp\/v2\/posts\/59505\/revisions"}],"wp:featuredmedia":[{"embeddable":true,"href":"https:\/\/www.europesays.com\/lv\/wp-json\/wp\/v2\/media\/59506"}],"wp:attachment":[{"href":"https:\/\/www.europesays.com\/lv\/wp-json\/wp\/v2\/media?parent=59505"}],"wp:term":[{"taxonomy":"category","embeddable":true,"href":"https:\/\/www.europesays.com\/lv\/wp-json\/wp\/v2\/categories?post=59505"},{"taxonomy":"post_tag","embeddable":true,"href":"https:\/\/www.europesays.com\/lv\/wp-json\/wp\/v2\/tags?post=59505"}],"curies":[{"name":"wp","href":"https:\/\/api.w.org\/{rel}","templated":true}]}}