{"id":59605,"date":"2025-11-27T08:13:09","date_gmt":"2025-11-27T08:13:09","guid":{"rendered":"https:\/\/www.europesays.com\/lv\/59605\/"},"modified":"2025-11-27T08:13:09","modified_gmt":"2025-11-27T08:13:09","slug":"mateiko-gust-savus-pirmos-vartus-ahl-karjera","status":"publish","type":"post","link":"https:\/\/www.europesays.com\/lv\/59605\/","title":{"rendered":"Mateiko g\u016bst savus pirmos v\u0101rtus AHL karjer\u0101"},"content":{"rendered":"<p>&#8220;Bears&#8221; m\u0101j\u0101s ar rezult\u0101tu 3:6 (0:3, 1:0, 2:3) zaud\u0113ja Raivja Ansona p\u0101rst\u0101v\u0113tajai Vilksb\u0101ras\/Skrentonas &#8220;Penguins&#8221;.<\/p>\n<p>Divas min\u016btes pirms pamatlaika beig\u0101m Mateiko ar metienu bez ripas apst\u0101din\u0101\u0161anas pan\u0101ca 3:5. \u0160aj\u0101 sp\u0113l\u0113 vi\u0146\u0161 vienreiz meta pa v\u0101rtiem un tika pie pozit\u012bva lietder\u012bbas koeficienta +1.<\/p>\n<p>L\u012bdz\u0161in\u0113j\u0101s 12 sp\u0113l\u0113s vi\u0146a kont\u0101 bija viena rezultat\u012bva piesp\u0113le.<\/p>\n<p>Ansons tre\u0161dien divreiz meta pa v\u0101rtiem un tika pie negat\u012bva lietder\u012bbas koeficienta -1, bet sezon\u0101 kopum\u0101 vi\u0146am 15 ma\u010dos ir tikpat punktu, cik Mateiko (1+1).<\/p>\n<p>Tikm\u0113r Lo\u010dmelis ar Providensas &#8220;Bruins&#8221; viesos ar 5:1 (2:0, 1:0, 2:1) p\u0101rsp\u0113ja Toronto &#8220;Marlies&#8221;.<\/p>\n<p>Sp\u0113les 13. min\u016bt\u0113 latvietis pal\u012bdz\u0113ja pan\u0101kt 2:0, bet \u010detras min\u016btes pirms pamatlaika beig\u0101m ar metienu no tuvas distances raid\u012bja ripu v\u0101rtu aug\u0161\u0113j\u0101 st\u016br\u012b un vair\u0101kum\u0101 guva sp\u0113les p\u0113d\u0113jos v\u0101rtus. Lo\u010dmelim \u0161osezon 17 sp\u0113l\u0113s ir desmit rezultativit\u0101tes punkti (6+4).<\/p>\n<p>Cit\u0101 sp\u0113l\u0113 <a href=\"https:\/\/sports.tvnet.lv\/term\/664805\/eduards-tralmaks\" class=\"topicLink\" target=\"_blank\" rel=\"nofollow noopener\">Eduards Tralmaks<\/a>, kur\u0161 dienu iepriek\u0161 izc\u0113l\u0101s ar &#8220;hat-trick&#8221;, atdeva vienu rezultat\u012bvu piesp\u0113li, kam\u0113r Grendrepidsas &#8220;Griffins&#8221; viesos ar 6:3 (1:1, 2:2, 3:0) p\u0101rsp\u0113ja Dalasas &#8220;Stars&#8221;.<\/p>\n<p>Latvie\u0161u uzbruc\u0113js divreiz meta pa v\u0101rtiem, tika pie div\u0101m soda min\u016bt\u0113m un iekr\u0101ja pozit\u012bvu lietder\u012bbas koeficientu +1. Tralmaks \u0161osezon <a href=\"https:\/\/sports.tvnet.lv\/term\/555653\/ahl\" class=\"topicLink\" target=\"_blank\" rel=\"nofollow noopener\">AHL<\/a> 16 sp\u0113l\u0113s izc\u0113lies ar devi\u0146iem g\u016btiem v\u0101rtiem un div\u0101m rezultat\u012bv\u0101m piesp\u0113l\u0113m.<\/p>\n<p>Ansona, Tralmaka un Lo\u010dme\u013ca p\u0101rst\u0101v\u0113t\u0101s komandas ie\u0146em pirm\u0101s tr\u012bs vietas AHL kopv\u0113rt\u0113juma tabul\u0101.<\/p>\n","protected":false},"excerpt":{"rendered":"&#8220;Bears&#8221; m\u0101j\u0101s ar rezult\u0101tu 3:6 (0:3, 1:0, 2:3) zaud\u0113ja Raivja Ansona p\u0101rst\u0101v\u0113tajai Vilksb\u0101ras\/Skrentonas &#8220;Penguins&#8221;. Divas min\u016btes pirms pamatlaika&hellip;\n","protected":false},"author":2,"featured_media":59606,"comment_status":"","ping_status":"","sticky":false,"template":"","format":"standard","meta":{"footnotes":""},"categories":[17],"tags":[3952,1905,2696,840,15836,35,39,38,36,37,34,40,67],"class_list":{"0":"post-59605","1":"post","2":"type-post","3":"status-publish","4":"format-standard","5":"has-post-thumbnail","7":"category-sports","8":"tag-ahl","9":"tag-dans-locmelis","10":"tag-eduards-tralmaks","11":"tag-eriks-mateiko","12":"tag-hersijas-bears","13":"tag-latvia","14":"tag-latvian","15":"tag-latviesu","16":"tag-latviesu-valoda","17":"tag-latviesuvaloda","18":"tag-latvija","19":"tag-lv","20":"tag-sports"},"share_on_mastodon":{"url":"https:\/\/pubeurope.com\/@lv\/115620662808239854","error":""},"_links":{"self":[{"href":"https:\/\/www.europesays.com\/lv\/wp-json\/wp\/v2\/posts\/59605","targetHints":{"allow":["GET"]}}],"collection":[{"href":"https:\/\/www.europesays.com\/lv\/wp-json\/wp\/v2\/posts"}],"about":[{"href":"https:\/\/www.europesays.com\/lv\/wp-json\/wp\/v2\/types\/post"}],"author":[{"embeddable":true,"href":"https:\/\/www.europesays.com\/lv\/wp-json\/wp\/v2\/users\/2"}],"replies":[{"embeddable":true,"href":"https:\/\/www.europesays.com\/lv\/wp-json\/wp\/v2\/comments?post=59605"}],"version-history":[{"count":0,"href":"https:\/\/www.europesays.com\/lv\/wp-json\/wp\/v2\/posts\/59605\/revisions"}],"wp:featuredmedia":[{"embeddable":true,"href":"https:\/\/www.europesays.com\/lv\/wp-json\/wp\/v2\/media\/59606"}],"wp:attachment":[{"href":"https:\/\/www.europesays.com\/lv\/wp-json\/wp\/v2\/media?parent=59605"}],"wp:term":[{"taxonomy":"category","embeddable":true,"href":"https:\/\/www.europesays.com\/lv\/wp-json\/wp\/v2\/categories?post=59605"},{"taxonomy":"post_tag","embeddable":true,"href":"https:\/\/www.europesays.com\/lv\/wp-json\/wp\/v2\/tags?post=59605"}],"curies":[{"name":"wp","href":"https:\/\/api.w.org\/{rel}","templated":true}]}}