{"id":59674,"date":"2025-11-27T09:17:07","date_gmt":"2025-11-27T09:17:07","guid":{"rendered":"https:\/\/www.europesays.com\/lv\/59674\/"},"modified":"2025-11-27T09:17:07","modified_gmt":"2025-11-27T09:17:07","slug":"silina-valsts-uznemumu-kotesana-birza-ir-jaieklauj-ilgtermina-izaugsmes-strategija-dienas-bizness","status":"publish","type":"post","link":"https:\/\/www.europesays.com\/lv\/59674\/","title":{"rendered":"Sili\u0146a: Valsts uz\u0146\u0113mumu kot\u0113\u0161ana bir\u017e\u0101 ir j\u0101iek\u013cauj ilgtermi\u0146a izaugsmes strat\u0113\u0123ij\u0101 :: Dienas Bizness"},"content":{"rendered":"<p class=\"text-font font-size--text-xlarge margin-3--bottom font-weight--bold padding-1--top\">Valsts uz\u0146\u0113mumu kot\u0113\u0161ana bir\u017e\u0101 ir j\u0101iek\u013cauj Latvijas ilgtermi\u0146a izaugsmes strat\u0113\u0123ij\u0101, ceturtdien, atkl\u0101jot Baltijas kapit\u0101la tirgus forumu, teica Ministru prezidente Evika Sili\u0146a (JV).<\/p>\n<p class=\"text-font font-size--text-xlarge margin-3--bottom\">Vi\u0146a nor\u0101d\u012bja, ka \u0161obr\u012bd Eiropai ir kop\u0113js izaicin\u0101jums &#8211; iedz\u012bvot\u0101jiem ir lieli uzkr\u0101jumi, ta\u010du p\u0101r\u0101k liela da\u013ca \u0161o l\u012bdzek\u013cu glab\u0101jas banku kontos vai produktos, kas pelna \u013coti maz. \u0160iem uzkr\u0101jumiem b\u016btu akt\u012bv\u0101k j\u0101str\u0101d\u0101 Eiropas lab\u0101 &#8211; konkur\u0113tsp\u0113jai, inov\u0101cij\u0101m, aizsardz\u012bbai, za\u013cajiem m\u0113r\u0137iem un straujajai m\u0101ksl\u012bg\u0101 intelekta revol\u016bcijai, kas p\u0101rveido valstu ekonomikas.<\/p>\n<p class=\"text-font font-size--text-xlarge margin-3--bottom\">Premjere pauda atbalstu patiesi vienotai Eiropas kapit\u0101la tirgus idejai un uzsv\u0113ra, ka ir nepiecie\u0161ami Eiropas l\u012bderu l\u0113mumi, lai to ieviestu p\u0113c iesp\u0113jas \u0101tri. Vi\u0146a piebilda, ka \u0161obr\u012bd Eiropas uz\u0146\u0113mumiem pieejam\u0101s finans\u0113\u0161anas iesp\u0113jas joproj\u0101m ir p\u0101r\u0101k ierobe\u017eotas.<\/p>\n<p class=\"text-font font-size--text-xlarge margin-3--bottom\">Piem\u0113ram, riska kapit\u0101la apm\u0113rs ASV, r\u0113\u0137inot k\u0101 da\u013cu no iek\u0161zemes kopprodukta (IKP), ir desmitk\u0101rt liel\u0101ks nek\u0101 Eirop\u0101. \u0160\u012b plaisa kav\u0113 inov\u0101cijas, ierobe\u017eo izaugsmi un nost\u0101da Eiropu neizdev\u012bg\u0101 situ\u0101cij\u0101. Sili\u0146a nor\u0101d\u012bja, ka iemesls Eiropas atpalic\u012bbai ir sadrumstalotie kapit\u0101la tirgi.<\/p>\n<p class=\"text-font font-size--text-xlarge margin-3--bottom\">Sili\u0146a ar\u012b teica, ka Latvijas m\u0101jsaimniec\u012bbas banku kontos tur apm\u0113ram 12 miljardus eiro, kas ir liels neizmantotais potenci\u0101ls. Liel\u0101kai da\u013cai \u0161o l\u012bdzek\u013cu b\u016btu j\u0101non\u0101k produkt\u012bvos ieguld\u012bjumos &#8211; uz\u0146\u0113mumu akcij\u0101s vai oblig\u0101cij\u0101s un fondos, kas atbalsta uz\u0146\u0113mumus un ilgtermi\u0146a izaugsmi.<\/p>\n<p class=\"text-font font-size--text-xlarge margin-3--bottom\">Premjere ar\u012b nor\u0101d\u012bja, ka Baltijas uz\u0146\u0113mumu oblig\u0101ciju tirgus aug, un 2025. gad\u0101 l\u012bdz oktobra beig\u0101m emit\u0113ti v\u0113rtspap\u012bri gandr\u012bz 1,6 miljardu eiro apm\u0113r\u0101, kas ir gandr\u012bz divas reizes vair\u0101k nek\u0101 pirms gada.<\/p>\n<p class=\"text-font font-size--text-xlarge margin-3--bottom\">Sili\u0146a uzsv\u0113ra, ka Latvij\u0101 dar\u0101m\u0101 joproj\u0101m ir daudz, jo \u012bpa\u0161i akciju tirgus att\u012bst\u012bb\u0101 &#8211; Latvijas bir\u017eas kapitaliz\u0101cija joproj\u0101m ir zema, un tas ierobe\u017eo uz\u0146\u0113mumu izaugsmi.<\/p>\n<p class=\"text-font font-size--text-xlarge margin-3--bottom\">K\u0101 b\u016btisku soli Sili\u0146a min\u0113ja valsts kapit\u0101lsabiedr\u012bbu da\u013c\u0113ju kot\u0113\u0161anu bir\u017e\u0101. Vi\u0146a uzsv\u0113ra, ka tas nav tikai par naudas piesaisti, bet uzlabo caurskat\u0101m\u012bbu, p\u0101rvald\u012bbu un konkur\u0113tsp\u0113ju. Turkl\u0101t tas ar\u012b sniedz cilv\u0113kiem vair\u0101k iesp\u0113ju ieguld\u012bt.<\/p>\n<p class=\"text-font font-size--text-xlarge margin-3--bottom\">Sili\u0146a uzsv\u0113ra, ka valsts uz\u0146\u0113mumu akciju kot\u0113\u0161ana bir\u017e\u0101 ir j\u0101iek\u013cauj Latvijas ilgtermi\u0146a izaugsmes strat\u0113\u0123ij\u0101. &#8220;Daudzu gadu garum\u0101 m\u016bsu re\u0123ions galvenok\u0101rt balst\u012bjies uz banku kredit\u0113\u0161anu. M\u0113s zin\u0101m, ka bankas vienm\u0113r b\u016bs svar\u012bgas, bet kapit\u0101la tirgum ir j\u0101aug t\u0101m l\u012bdz\u0101s,&#8221; teica premjere.<\/p>\n<p class=\"text-font font-size--text-xlarge margin-3--bottom\">Vi\u0146a skaidroja, ka ar\u012b uz\u0146\u0113mumiem b\u016btu j\u0101izv\u0113rt\u0113 visas kapit\u0101la tirgus iesp\u0113jas &#8211; oblig\u0101cijas, akcijas. &#8220;Tikai str\u0101d\u0101jot kop\u0101, m\u0113s varam mazin\u0101t atpalic\u012bbu no att\u012bst\u012bt\u0101kiem tirgiem un veidot sp\u0113c\u012bgu invest\u012bciju vidi Baltij\u0101,&#8221; teica Sili\u0146a, piebilstot, ka vald\u012bbas uzdevums ir nodro\u0161in\u0101t prognoz\u0113jamu politiku, skaidrus noteikumus un uz\u0146\u0113m\u0113jdarb\u012bbas vidi, kas atbalsta inov\u0101cijas un ilgtermi\u0146a ieguld\u012bjumus.<\/p>\n<p class=\"text-font font-size--text-xlarge margin-3--bottom\">Ministru prezidente nor\u0101d\u012bja, ka tas ietver ar\u012b atbalstu m\u0101ksl\u012bg\u0101 intelekta ievie\u0161anai, m\u0101ksl\u012bg\u0101 intelekta balst\u012btiem biznesa mode\u013ciem un digit\u0101laj\u0101m finans\u0113m, kas noteiks n\u0101kam\u0101s desmitgades izaugsmi. Kapit\u0101la tirgi b\u016bs iz\u0161\u0137iro\u0161i \u0161\u012bs transform\u0101cijas finans\u0113\u0161anai.<\/p>\n<p class=\"text-font font-size--text-xlarge margin-3--bottom\">Sili\u0146a ar\u012b piebilda, ja v\u0113lamies, lai Baltija saglab\u0101 konkur\u0113tsp\u0113ju, ir j\u0101nodro\u0161ina, ka uz\u0146\u0113mumi sp\u0113j tur\u0113t l\u012bdzi m\u0101ksl\u012bg\u0101 intelekta laikmetam. Un kapit\u0101la tirgi ir b\u016btiski, lai dotu tiem nepiecie\u0161amo m\u0113rogu.<\/p>\n","protected":false},"excerpt":{"rendered":"Valsts uz\u0146\u0113mumu kot\u0113\u0161ana bir\u017e\u0101 ir j\u0101iek\u013cauj Latvijas ilgtermi\u0146a izaugsmes strat\u0113\u0123ij\u0101, ceturtdien, atkl\u0101jot Baltijas kapit\u0101la tirgus forumu, teica Ministru&hellip;\n","protected":false},"author":2,"featured_media":59675,"comment_status":"","ping_status":"","sticky":false,"template":"","format":"standard","meta":{"footnotes":""},"categories":[5],"tags":[23,869,77,870,28,29,867,32,33,22,30,31,35,39,38,36,37,34,871,868,40,20,26,27,24,25,21],"class_list":{"0":"post-59674","1":"post","2":"type-post","3":"status-publish","4":"format-standard","5":"has-post-thumbnail","7":"category-aktualitates","8":"tag-aktualitates","9":"tag-biznesa-zinas","10":"tag-bizness","11":"tag-bizness-latvija","12":"tag-breaking-news","13":"tag-breakingnews","14":"tag-dienas-zinas","15":"tag-featured-news","16":"tag-featurednews","17":"tag-headlines","18":"tag-latest-news","19":"tag-latestnews","20":"tag-latvia","21":"tag-latvian","22":"tag-latviesu","23":"tag-latviesu-valoda","24":"tag-latviesuvaloda","25":"tag-latvija","26":"tag-latvijas-biznesa-zinas","27":"tag-latvijas-zinas","28":"tag-lv","29":"tag-news","30":"tag-popularakas-zinas","31":"tag-popularakaszinas","32":"tag-top-stories","33":"tag-topstories","34":"tag-zinas"},"share_on_mastodon":{"url":"https:\/\/pubeurope.com\/@lv\/115620914427399289","error":""},"_links":{"self":[{"href":"https:\/\/www.europesays.com\/lv\/wp-json\/wp\/v2\/posts\/59674","targetHints":{"allow":["GET"]}}],"collection":[{"href":"https:\/\/www.europesays.com\/lv\/wp-json\/wp\/v2\/posts"}],"about":[{"href":"https:\/\/www.europesays.com\/lv\/wp-json\/wp\/v2\/types\/post"}],"author":[{"embeddable":true,"href":"https:\/\/www.europesays.com\/lv\/wp-json\/wp\/v2\/users\/2"}],"replies":[{"embeddable":true,"href":"https:\/\/www.europesays.com\/lv\/wp-json\/wp\/v2\/comments?post=59674"}],"version-history":[{"count":0,"href":"https:\/\/www.europesays.com\/lv\/wp-json\/wp\/v2\/posts\/59674\/revisions"}],"wp:featuredmedia":[{"embeddable":true,"href":"https:\/\/www.europesays.com\/lv\/wp-json\/wp\/v2\/media\/59675"}],"wp:attachment":[{"href":"https:\/\/www.europesays.com\/lv\/wp-json\/wp\/v2\/media?parent=59674"}],"wp:term":[{"taxonomy":"category","embeddable":true,"href":"https:\/\/www.europesays.com\/lv\/wp-json\/wp\/v2\/categories?post=59674"},{"taxonomy":"post_tag","embeddable":true,"href":"https:\/\/www.europesays.com\/lv\/wp-json\/wp\/v2\/tags?post=59674"}],"curies":[{"name":"wp","href":"https:\/\/api.w.org\/{rel}","templated":true}]}}