{"id":59694,"date":"2025-11-27T09:44:13","date_gmt":"2025-11-27T09:44:13","guid":{"rendered":"https:\/\/www.europesays.com\/lv\/59694\/"},"modified":"2025-11-27T09:44:13","modified_gmt":"2025-11-27T09:44:13","slug":"bijusi-luminor-latvijas-filiales-vaditaja-kerli-vares-sakusi-darbu-cita-liela-uznemuma","status":"publish","type":"post","link":"https:\/\/www.europesays.com\/lv\/59694\/","title":{"rendered":"Bijus\u012b &#8220;Luminor&#8221; Latvijas fili\u0101les vad\u012bt\u0101ja Kerli Vares s\u0101kusi darbu cit\u0101 liel\u0101 uz\u0146\u0113mum\u0101"},"content":{"rendered":"<p>Bijus\u012b &#8220;Luminor&#8221; Latvijas fili\u0101les vad\u012bt\u0101ja Kerli Vares s\u0101kusi darbu telekomunik\u0101ciju komp\u0101nij\u0101 SIA &#8220;Latvijas Mobilais Telefons&#8221;, ie\u0146emot uzraudz\u012bbas padomes locek\u013ca amatu, liecina vi\u0146as pazi\u0146ojums &#8220;Linkedin&#8221;.<\/p>\n<p>&#8220;Man ir gods pievienoties LMT uzraudz\u012bbas padomei \u0161aj\u0101 noz\u012bm\u012bgaj\u0101 p\u0101rmai\u0146u laik\u0101, kad uz\u0146\u0113mums gatavojas iesp\u0113jamai apvieno\u0161anai, kas main\u012bs telekomunik\u0101ciju nozari Latvij\u0101. Mana karjera ir veidojusies, vadot organiz\u0101cijas liela m\u0113roga p\u0101rmai\u0146\u0101s \u2013 gan vadot digit\u0101l\u0101s un operat\u012bv\u0101s p\u0101rmai\u0146as, gan veicinot uz\u0146\u0113muma izaugsmi, gan p\u0101rraugot se\u0161u banku integr\u0101ciju tr\u012bs valst\u012bs,&#8221; vi\u0146a uzsver.<\/p>\n<p>&#8220;\u0160\u012bs pieredzes ir stiprin\u0101ju\u0161as manu p\u0101rliec\u012bbu, ka veiksm\u012bg\u0101m apvieno\u0161an\u0101m nepiecie\u0161ama ne tikai strat\u0113\u0123ija un strukt\u016bra, bet ar\u012b skaidrs m\u0113r\u0137is, disciplin\u0113ta izpilde un sp\u0113c\u012bga p\u0101rvald\u012bba. Es ceru atbalst\u012bt vad\u012bbas komandu un savus kol\u0113\u0123us padom\u0113, mums kop\u012bgi veicot \u0161o svar\u012bgo p\u0101reju un str\u0101d\u0101jot, lai izveidotu sp\u0113c\u012bg\u0101ku, inovat\u012bv\u0101ku un konkur\u0113tsp\u0113j\u012bg\u0101ku telekomunik\u0101ciju uz\u0146\u0113mumu,&#8221; nor\u0101da Vares.<\/p>\n<p class=\"m-0\">Seko &#8220;Delfi&#8221; ar\u012b  <a target=\"_blank\" href=\"https:\/\/www.instagram.com\/delfi.lv\/\" rel=\"nofollow noopener\">Instagram<\/a>  un <a target=\"_blank\" href=\"https:\/\/www.youtube.com\/channel\/UCw5foWtcJvAbUm64rv7jwUQ\" rel=\"nofollow noopener\">YouTube<\/a>  profil\u0101 \u2013 pievienojies, lai uzzin\u0101tu svar\u012bg\u0101ko un interesant\u0101ko pirmais!<\/p>\n<p>Publik\u0101cijas saturs vai t\u0101s jebk\u0101da apjoma da\u013ca ir aizsarg\u0101ts autorties\u012bbu objekts Autorties\u012bbu likuma izpratn\u0113, un t\u0101 izmanto\u0161ana bez izdev\u0113ja at\u013caujas ir aizliegta. Vair\u0101k lasi  <a target=\"_blank\" href=\"https:\/\/www.delfi.lv\/noteikumi#autortiesibas\" rel=\"nofollow noopener\">\u0161eit<\/a><script async src=\"\/\/www.instagram.com\/embed.js\"><\/script><\/p>\n","protected":false},"excerpt":{"rendered":"Bijus\u012b &#8220;Luminor&#8221; Latvijas fili\u0101les vad\u012bt\u0101ja Kerli Vares s\u0101kusi darbu telekomunik\u0101ciju komp\u0101nij\u0101 SIA &#8220;Latvijas Mobilais Telefons&#8221;, ie\u0146emot uzraudz\u012bbas padomes&hellip;\n","protected":false},"author":2,"featured_media":59695,"comment_status":"","ping_status":"","sticky":false,"template":"","format":"standard","meta":{"footnotes":""},"categories":[16],"tags":[77,76,35,39,38,36,37,34,1213,7320,40],"class_list":{"0":"post-59694","1":"post","2":"type-post","3":"status-publish","4":"format-standard","5":"has-post-thumbnail","7":"category-bizness","8":"tag-bizness","9":"tag-business","10":"tag-latvia","11":"tag-latvian","12":"tag-latviesu","13":"tag-latviesu-valoda","14":"tag-latviesuvaloda","15":"tag-latvija","16":"tag-lmt","17":"tag-luminor","18":"tag-lv"},"share_on_mastodon":{"url":"https:\/\/pubeurope.com\/@lv\/115621020500096312","error":""},"_links":{"self":[{"href":"https:\/\/www.europesays.com\/lv\/wp-json\/wp\/v2\/posts\/59694","targetHints":{"allow":["GET"]}}],"collection":[{"href":"https:\/\/www.europesays.com\/lv\/wp-json\/wp\/v2\/posts"}],"about":[{"href":"https:\/\/www.europesays.com\/lv\/wp-json\/wp\/v2\/types\/post"}],"author":[{"embeddable":true,"href":"https:\/\/www.europesays.com\/lv\/wp-json\/wp\/v2\/users\/2"}],"replies":[{"embeddable":true,"href":"https:\/\/www.europesays.com\/lv\/wp-json\/wp\/v2\/comments?post=59694"}],"version-history":[{"count":0,"href":"https:\/\/www.europesays.com\/lv\/wp-json\/wp\/v2\/posts\/59694\/revisions"}],"wp:featuredmedia":[{"embeddable":true,"href":"https:\/\/www.europesays.com\/lv\/wp-json\/wp\/v2\/media\/59695"}],"wp:attachment":[{"href":"https:\/\/www.europesays.com\/lv\/wp-json\/wp\/v2\/media?parent=59694"}],"wp:term":[{"taxonomy":"category","embeddable":true,"href":"https:\/\/www.europesays.com\/lv\/wp-json\/wp\/v2\/categories?post=59694"},{"taxonomy":"post_tag","embeddable":true,"href":"https:\/\/www.europesays.com\/lv\/wp-json\/wp\/v2\/tags?post=59694"}],"curies":[{"name":"wp","href":"https:\/\/api.w.org\/{rel}","templated":true}]}}