{"id":59712,"date":"2025-11-27T10:18:07","date_gmt":"2025-11-27T10:18:07","guid":{"rendered":"https:\/\/www.europesays.com\/lv\/59712\/"},"modified":"2025-11-27T10:18:07","modified_gmt":"2025-11-27T10:18:07","slug":"dziedatajs-lauris-reiniks-izzino-koncertturi-100-lauris-reiniks","status":"publish","type":"post","link":"https:\/\/www.europesays.com\/lv\/59712\/","title":{"rendered":"Dzied\u0101t\u0101js Lauris Reiniks izzi\u0146o koncertt\u016bri &#8221;100% Lauris Reiniks&#8221;"},"content":{"rendered":"<p>Par gaid\u0101mo koncertt\u016bri pats Lauris saka: &#8220;Esmu \u013coti pat\u012bkami satraukts par gaid\u0101mo tik\u0161anos manos koncertos Latvij\u0101. Par to liel\u0101 m\u0113r\u0101 j\u0101saka paldies maniem m\u012b\u013cajiem klaus\u012bt\u0101jiem, kuri \u0161ogad \u012bpa\u0161i sirsn\u012bgi un akt\u012bvi mani aicin\u0101ja tos organiz\u0113t.<\/p>\n<p>Esmu simtprocent\u012bgi dro\u0161s, ka t\u0101 b\u016bs emocion\u0101la, jauka, jautra un patiesa atkalsatik\u0161an\u0101s man\u0101 m\u016bzik\u0101, dej\u0101s, jokos un \u0161ov\u0101 uz skatuves.<\/p>\n<blockquote class=\"quote ck-widget\" contenteditable=\"false\">\n<p>Dzied\u0101sim un baud\u012bsim vakaru kop\u0101 par visiem 100 procentiem, un es b\u016b\u0161u k\u0101 vienm\u0113r &#8211; 100% <a href=\"https:\/\/sejas.tvnet.lv\/term\/109840\/lauris-reiniks\" class=\"topicLink\" target=\"_blank\" rel=\"nofollow noopener\">Lauris Reiniks<\/a>. Tie\u0161i t\u0101ds, k\u0101du j\u016bs mani zin\u0101t un gaid\u0101t. Un es ar prieku gaid\u012b\u0161u ar\u012b j\u016bs!&#8221;<\/p>\n<\/blockquote>\n<p>Koncert\u0101 dzird\u0113siet gan visus popul\u0101r\u0101kos Reinika hitus, gan ar\u012b nedaudz piemirstas dziesmas, kur\u0101m tiks iedota jauna muzik\u0101l\u0101 elpa. Neiztiks ar\u012b bez p\u0101rsteigumiem un \u012bpa\u0161iem viesiem.<\/p>\n<p>Kop\u0101 uz skatuves ar Lauri muzic\u0113s pavado\u0161\u0101 grupa: pianists J\u0101nis Milti\u0146\u0161, \u0123it\u0101rists J\u0101nis Kalni\u0146\u0161, bas\u0123it\u0101rists Toms Kurs\u012btis, bundzinieks Dairis Petrauskis, vok\u0101listes Marta Kukarane-Fabriciusa un Anita K\u0101rkli\u0146a, k\u0101 ar\u012b dejot\u0101jas horeogr\u0101fes Be\u0101tes Svarinskas vad\u012bb\u0101.<\/p>\n<p>Koncertt\u016bres &#8220;100% Lauris Reiniks&#8221; datumi un vietas:<\/p>\n<p>7.marts R\u012bga, VEF Kult\u016bras pils<\/p>\n<p>12. marts KC &#8220;Ulbrokas P\u0113rle&#8221;<\/p>\n<p>20.marts Valmieras KC<\/p>\n<p>22.marts R\u0113zekne, Latgales V\u0113stniec\u012bba &#8220;Gors&#8221;<\/p>\n<p>29.marts Liep\u0101jas OC &#8220;Ro\u017eu Z\u0101le&#8221;<\/p>\n<p>2.apr\u012blis Jelgavas KN<\/p>\n","protected":false},"excerpt":{"rendered":"Par gaid\u0101mo koncertt\u016bri pats Lauris saka: &#8220;Esmu \u013coti pat\u012bkami satraukts par gaid\u0101mo tik\u0161anos manos koncertos Latvij\u0101. Par to&hellip;\n","protected":false},"author":2,"featured_media":59713,"comment_status":"","ping_status":"","sticky":false,"template":"","format":"standard","meta":{"footnotes":""},"categories":[19],"tags":[89,90,35,39,38,36,37,34,12443,40],"class_list":{"0":"post-59712","1":"post","2":"type-post","3":"status-publish","4":"format-standard","5":"has-post-thumbnail","7":"category-izklaide","8":"tag-entertainment","9":"tag-izklaide","10":"tag-latvia","11":"tag-latvian","12":"tag-latviesu","13":"tag-latviesu-valoda","14":"tag-latviesuvaloda","15":"tag-latvija","16":"tag-lauris-reiniks","17":"tag-lv"},"share_on_mastodon":{"url":"https:\/\/pubeurope.com\/@lv\/115621154221217652","error":""},"_links":{"self":[{"href":"https:\/\/www.europesays.com\/lv\/wp-json\/wp\/v2\/posts\/59712","targetHints":{"allow":["GET"]}}],"collection":[{"href":"https:\/\/www.europesays.com\/lv\/wp-json\/wp\/v2\/posts"}],"about":[{"href":"https:\/\/www.europesays.com\/lv\/wp-json\/wp\/v2\/types\/post"}],"author":[{"embeddable":true,"href":"https:\/\/www.europesays.com\/lv\/wp-json\/wp\/v2\/users\/2"}],"replies":[{"embeddable":true,"href":"https:\/\/www.europesays.com\/lv\/wp-json\/wp\/v2\/comments?post=59712"}],"version-history":[{"count":0,"href":"https:\/\/www.europesays.com\/lv\/wp-json\/wp\/v2\/posts\/59712\/revisions"}],"wp:featuredmedia":[{"embeddable":true,"href":"https:\/\/www.europesays.com\/lv\/wp-json\/wp\/v2\/media\/59713"}],"wp:attachment":[{"href":"https:\/\/www.europesays.com\/lv\/wp-json\/wp\/v2\/media?parent=59712"}],"wp:term":[{"taxonomy":"category","embeddable":true,"href":"https:\/\/www.europesays.com\/lv\/wp-json\/wp\/v2\/categories?post=59712"},{"taxonomy":"post_tag","embeddable":true,"href":"https:\/\/www.europesays.com\/lv\/wp-json\/wp\/v2\/tags?post=59712"}],"curies":[{"name":"wp","href":"https:\/\/api.w.org\/{rel}","templated":true}]}}