{"id":59718,"date":"2025-11-27T10:34:11","date_gmt":"2025-11-27T10:34:11","guid":{"rendered":"https:\/\/www.europesays.com\/lv\/59718\/"},"modified":"2025-11-27T10:34:11","modified_gmt":"2025-11-27T10:34:11","slug":"ministrs-neizsledz-bargaku-sodu-ieviesanu-par-celu-satiksmes-noteikumu-parkapsanu","status":"publish","type":"post","link":"https:\/\/www.europesays.com\/lv\/59718\/","title":{"rendered":"Ministrs neizsl\u0113dz barg\u0101ku sodu ievie\u0161anu par ce\u013cu satiksmes noteikumu p\u0101rk\u0101p\u0161anu"},"content":{"rendered":"<p>Tra\u0123isk\u0101kie m\u0113ne\u0161i biju\u0161i janv\u0101ris un augusts, kad dz\u012bv\u012bbu zaud\u0113ja attiec\u012bgi 15 cilv\u0113ki un 19 cilv\u0113ki. Oktobr\u012b g\u0101ju\u0161i boj\u0101 11 satiksmes dal\u012bbnieki. Vismaz\u0101k g\u0101ju\u0161i boj\u0101 j\u016bnij\u0101, kas ir netipiski, sal\u012bdzinot ar citiem gadiem, jo j\u016bnijs ir sv\u0113tku laiks ar gar\u0101m br\u012bvdien\u0101m, inform\u0113ja Jan\u010devskis.<\/p>\n<p>Inform\u0101cija par av\u0101rij\u0101s boj\u0101g\u0101ju\u0161o statusu liecina, ka visvair\u0101k dz\u012bv\u012bbu zaud\u0113ju\u0161i vieglo transportl\u012bdzek\u013cu vad\u012bt\u0101ji un g\u0101j\u0113ji, proti, 34 un 29. Pieaugums v\u0113rojams tie\u0161i g\u0101j\u0113jiem. T\u0101pat \u0161ogad tra\u0123iski dz\u012bv\u012bbu zaud\u0113ju\u0161i divi traktoristi.<\/p>\n<p>Inform\u0101cija par tra\u0123isko negad\u012bjumu veidu liecina, ja joproj\u0101m domin\u0113 transportl\u012bdzek\u013cu sadursmes un uzbrauk\u0161ana g\u0101j\u0113jiem.<\/p>\n<p>Kop\u0113jais administrat\u012bvo p\u0101rk\u0101pumu skaits ce\u013cu satiksm\u0113, iz\u0146emot fotoradaru konstat\u0113tos p\u0101rk\u0101pumus, liecina, ka desmit m\u0113ne\u0161os re\u0123istr\u0113ti 79 205 p\u0101rk\u0101pumi, bet p\u0113rn desmit m\u0113ne\u0161os &#8211; 76 208. Liel\u0101k\u0101 da\u013ca no \u0161iem p\u0101rk\u0101pumiem ir par \u0101truma neiev\u0113ro\u0161anu. B\u016btisks pieaugums ir par t\u0101lru\u0146a lieto\u0161anu pie st\u016bres, un p\u0113c Jan\u010devska v\u0101rdiem &#8220;kritiski pieaudzis&#8221; ir par dro\u0161\u012bbas jostu nelieto\u0161anu &#8211; par aptuveni 900 gad\u012bjumiem vair\u0101k nek\u0101 p\u0113rn.<\/p>\n<p>Fotoradari, tostarp vid\u0113j\u0101 \u0101truma brauk\u0161anas m\u0113r\u012b\u0161anas sist\u0113mas un netrafaret\u0101 policijas automa\u0161\u012bna ar 360 gr\u0101du kameru, kopum\u0101 \u0161ogad konstat\u0113ju\u0161i 279 669 \u0101truma p\u0101rk\u0101pumus.<\/p>\n<p>Pie\u0137erto dz\u0113r\u0101j\u0161oferu skaits jau k\u0101rt\u0113jo gadu samazinoties, proti, \u0161ogad dz\u0113r\u0101j\u0161oferi aiztur\u0113ti 2914 gad\u012bjumos, bet p\u0113rn &#8211; 3420. Vienlaikus \u0161ogad pieaugusi vad\u012bt\u0101ju atteik\u0161an\u0101s no reibuma p\u0101rbaudes.<\/p>\n<p>522 negad\u012bjumos \u0161ogad k\u0101ds no transportl\u012bdzek\u013cu vad\u012bt\u0101jiem bijis reibum\u0101. P\u0113rn t\u0101du bija 615.<\/p>\n","protected":false},"excerpt":{"rendered":"Tra\u0123isk\u0101kie m\u0113ne\u0161i biju\u0161i janv\u0101ris un augusts, kad dz\u012bv\u012bbu zaud\u0113ja attiec\u012bgi 15 cilv\u0113ki un 19 cilv\u0113ki. Oktobr\u012b g\u0101ju\u0161i boj\u0101&hellip;\n","protected":false},"author":2,"featured_media":59719,"comment_status":"","ping_status":"","sticky":false,"template":"","format":"standard","meta":{"footnotes":""},"categories":[12],"tags":[23,4959,28,29,32,33,22,30,31,35,39,38,36,37,34,40,20,26,27,1529,24,25,21],"class_list":{"0":"post-59718","1":"post","2":"type-post","3":"status-publish","4":"format-standard","5":"has-post-thumbnail","7":"category-latvija","8":"tag-aktualitates","9":"tag-atis-svinka","10":"tag-breaking-news","11":"tag-breakingnews","12":"tag-featured-news","13":"tag-featurednews","14":"tag-headlines","15":"tag-latest-news","16":"tag-latestnews","17":"tag-latvia","18":"tag-latvian","19":"tag-latviesu","20":"tag-latviesu-valoda","21":"tag-latviesuvaloda","22":"tag-latvija","23":"tag-lv","24":"tag-news","25":"tag-popularakas-zinas","26":"tag-popularakaszinas","27":"tag-satiksme","28":"tag-top-stories","29":"tag-topstories","30":"tag-zinas"},"share_on_mastodon":{"url":"https:\/\/pubeurope.com\/@lv\/115621217147198588","error":""},"_links":{"self":[{"href":"https:\/\/www.europesays.com\/lv\/wp-json\/wp\/v2\/posts\/59718","targetHints":{"allow":["GET"]}}],"collection":[{"href":"https:\/\/www.europesays.com\/lv\/wp-json\/wp\/v2\/posts"}],"about":[{"href":"https:\/\/www.europesays.com\/lv\/wp-json\/wp\/v2\/types\/post"}],"author":[{"embeddable":true,"href":"https:\/\/www.europesays.com\/lv\/wp-json\/wp\/v2\/users\/2"}],"replies":[{"embeddable":true,"href":"https:\/\/www.europesays.com\/lv\/wp-json\/wp\/v2\/comments?post=59718"}],"version-history":[{"count":0,"href":"https:\/\/www.europesays.com\/lv\/wp-json\/wp\/v2\/posts\/59718\/revisions"}],"wp:featuredmedia":[{"embeddable":true,"href":"https:\/\/www.europesays.com\/lv\/wp-json\/wp\/v2\/media\/59719"}],"wp:attachment":[{"href":"https:\/\/www.europesays.com\/lv\/wp-json\/wp\/v2\/media?parent=59718"}],"wp:term":[{"taxonomy":"category","embeddable":true,"href":"https:\/\/www.europesays.com\/lv\/wp-json\/wp\/v2\/categories?post=59718"},{"taxonomy":"post_tag","embeddable":true,"href":"https:\/\/www.europesays.com\/lv\/wp-json\/wp\/v2\/tags?post=59718"}],"curies":[{"name":"wp","href":"https:\/\/api.w.org\/{rel}","templated":true}]}}