{"id":59725,"date":"2025-11-27T10:42:09","date_gmt":"2025-11-27T10:42:09","guid":{"rendered":"https:\/\/www.europesays.com\/lv\/59725\/"},"modified":"2025-11-27T10:42:09","modified_gmt":"2025-11-27T10:42:09","slug":"sapnis-cita-amerika-evija-sloka-stasta-par-centieniem-ieklut-asv-izklaides-industrija","status":"publish","type":"post","link":"https:\/\/www.europesays.com\/lv\/59725\/","title":{"rendered":"&#8220;Sapnis cit\u0101 Amerik\u0101&#8221;. Evija Sloka st\u0101sta par centieniem iek\u013c\u016bt ASV izklaides industrij\u0101"},"content":{"rendered":"<p>Evija Sloka atkl\u0101j, ka vi\u0146ai bijusi pat skolot\u0101ja no Kalifornijas, ta\u010du, lai aizbrauktu uz prov\u0113m, ce\u013c\u0101 bija j\u0101pavada divas stundas.<\/p>\n<p>&#8220;Es sapratu, ka tas fiziski nav iesp\u0113jams. Bet da\u017eas reizes es aizbraucu, nok\u013cuvu pat m\u016bzikas klip\u0101.<\/p>\n<p>Vi\u0146a atkl\u0101j, ka labpr\u0101t turpin\u0101tu att\u012bst\u012bt aktrises talantu, ja vien laiks to \u013cautu. &#8220;Man tas ir \u013coti jautri, man vienalga, kur tas aiziet vai neaiziet. Man vienk\u0101r\u0161i ir interesanti b\u016bt taj\u0101 atmosf\u0113r\u0101, bet tam ir vajadz\u012bgs daudz br\u012bva laika,&#8221; secina Evija Sloka.<\/p>\n","protected":false},"excerpt":{"rendered":"Evija Sloka atkl\u0101j, ka vi\u0146ai bijusi pat skolot\u0101ja no Kalifornijas, ta\u010du, lai aizbrauktu uz prov\u0113m, ce\u013c\u0101 bija j\u0101pavada&hellip;\n","protected":false},"author":2,"featured_media":59726,"comment_status":"","ping_status":"","sticky":false,"template":"","format":"standard","meta":{"footnotes":""},"categories":[19],"tags":[89,14747,90,35,39,38,36,37,34,40],"class_list":{"0":"post-59725","1":"post","2":"type-post","3":"status-publish","4":"format-standard","5":"has-post-thumbnail","7":"category-izklaide","8":"tag-entertainment","9":"tag-evija-sloka","10":"tag-izklaide","11":"tag-latvia","12":"tag-latvian","13":"tag-latviesu","14":"tag-latviesu-valoda","15":"tag-latviesuvaloda","16":"tag-latvija","17":"tag-lv"},"share_on_mastodon":{"url":"https:\/\/pubeurope.com\/@lv\/115621248554967862","error":""},"_links":{"self":[{"href":"https:\/\/www.europesays.com\/lv\/wp-json\/wp\/v2\/posts\/59725","targetHints":{"allow":["GET"]}}],"collection":[{"href":"https:\/\/www.europesays.com\/lv\/wp-json\/wp\/v2\/posts"}],"about":[{"href":"https:\/\/www.europesays.com\/lv\/wp-json\/wp\/v2\/types\/post"}],"author":[{"embeddable":true,"href":"https:\/\/www.europesays.com\/lv\/wp-json\/wp\/v2\/users\/2"}],"replies":[{"embeddable":true,"href":"https:\/\/www.europesays.com\/lv\/wp-json\/wp\/v2\/comments?post=59725"}],"version-history":[{"count":0,"href":"https:\/\/www.europesays.com\/lv\/wp-json\/wp\/v2\/posts\/59725\/revisions"}],"wp:featuredmedia":[{"embeddable":true,"href":"https:\/\/www.europesays.com\/lv\/wp-json\/wp\/v2\/media\/59726"}],"wp:attachment":[{"href":"https:\/\/www.europesays.com\/lv\/wp-json\/wp\/v2\/media?parent=59725"}],"wp:term":[{"taxonomy":"category","embeddable":true,"href":"https:\/\/www.europesays.com\/lv\/wp-json\/wp\/v2\/categories?post=59725"},{"taxonomy":"post_tag","embeddable":true,"href":"https:\/\/www.europesays.com\/lv\/wp-json\/wp\/v2\/tags?post=59725"}],"curies":[{"name":"wp","href":"https:\/\/api.w.org\/{rel}","templated":true}]}}