{"id":59733,"date":"2025-11-27T10:55:07","date_gmt":"2025-11-27T10:55:07","guid":{"rendered":"https:\/\/www.europesays.com\/lv\/59733\/"},"modified":"2025-11-27T10:55:07","modified_gmt":"2025-11-27T10:55:07","slug":"pec-sagraves-darbu-zaude-ari-smita-treneris-kokoskovs-basketbols-sportacentrs-com","status":"publish","type":"post","link":"https:\/\/www.europesays.com\/lv\/59733\/","title":{"rendered":"p\u0113c sagr\u0101ves darbu zaud\u0113 ar\u012b \u0160mita treneris Koko\u0161kovs \u2013 Basketbols \u2013 Sportacentrs.com"},"content":{"rendered":"<p>Stambulas &#8220;Efes&#8221; sv\u0113tdien Burs\u0101 ar 79:86 piek\u0101p\u0101s &#8220;Tofa\u015f&#8221; un piedz\u012bvoja jau tre\u0161o zaud\u0113jumu Turcijas Superl\u012bg\u0101 p\u0113c k\u0101rtas, bet vakar Eirol\u012bg\u0101 ar 66:102 kapitul\u0113ja Monako. \u0160or\u012bt klubs pazi\u0146ojis par serbu speci\u0101lista Igora Koko\u0161kova atbr\u012bvo\u0161anu. Iepriek\u0161\u0113j\u0101s dien\u0101s par demisiju pazi\u0146oja t\u0101di le\u0123end\u0101ri treneri k\u0101 Etore Mes\u012bna (Mil\u0101nas &#8220;Olimpia&#8221;) un \u017de\u013cko Obradovi\u010ds (Belgradas &#8220;Partizan&#8221;).<\/p>\n<p>2017. gada Eiropas \u010dempions ar Slov\u0113nijas izlasi pie &#8220;Efes&#8221; st\u016bres st\u0101j\u0101s \u0161ovasar. Superl\u012bg\u0101 &#8220;Efes&#8221; ar bilanci 6-3 nosl\u012bd\u0113jusi uz 4. vietu, bet Eirol\u012bg\u0101 ar 5-8 atrodas 15. viet\u0101 20 komandu konkurenc\u0113. Koko\u0161kovs ir vad\u012bjis ar\u012b Gruzijas un Serbijas izlases, tren\u0113jis ar\u012b Stambulas &#8220;Fenerbah\u00e7e&#8221;. Lielu karjeras da\u013cu pavad\u012bjis NBA \u2013 visbie\u017e\u0101k asistenta lom\u0101, iepriek\u0161\u0113j\u0101s sezon\u0101s pal\u012bdzot ar\u012b Atlantas &#8220;Hawks&#8221;, ta\u010du 2018.\/19. g. sezon\u0101 vi\u0146\u0161 bija F\u012bniksas &#8220;Suns&#8221; galvenais treneris, ar 19-63 paliekot p\u0113d\u0113j\u0101 viet\u0101 Rietumu konferenc\u0113.<\/p>\n<p>2021. un 2022. gada Eirol\u012bgas titulu izc\u012bn\u012bju\u0161ais Ergins Atamans &#8220;Efes&#8221; vien\u012bbu atst\u0101ja 2023. gad\u0101, un kop\u0161 t\u0101 laika nomain\u012bjusies virkne treneru \u2013 pie &#8220;Efes&#8221; st\u016bres bijis turks Erdems D\u017eans, horv\u0101ts Tomislavs Mijatovi\u010ds, it\u0101lietis Luka Banki un \u0161osezon \u2013 ar\u012b serbs Koko\u0161kovs. Pagaid\u0101m &#8220;Efes&#8221; vad\u012bba uztic\u0113ta l\u012bdz\u0161in\u0113jam slov\u0113\u0146u asistentam Rado Trifunovi\u010dam, ta\u010du klubs pazi\u0146ojum\u0101 piebilda, ka mekl\u0113 jaunu galveno treneri.<\/p>\n<p>\u0160mits \u0161aj\u0101 Eirol\u012bgas sezon\u0101 ir piedal\u012bjies vis\u0101s tr\u012bspadsmit sp\u0113l\u0113s, s\u0101cis septi\u0146as no t\u0101m un vid\u0113ji 21.1 min\u016bt\u0113 sakr\u0101jis 7.8 punktus, 4.0 atl\u0113ku\u0161\u0101s bumbas, 0.8 rezultat\u012bvas piesp\u0113les un 0.9 k\u013c\u016bdas. N\u0101kamo sp\u0113li &#8220;Efes&#8221; aizvad\u012bs 4. decembr\u012b m\u0101j\u0101s pret &#8220;Real Madrid&#8221;, bet 7. decembr\u012b uz\u0146ems ar\u012b Roberta Blumberga p\u0101rst\u0101v\u0113to Izmiras &#8220;Petkim Spor&#8221;.<\/p>\n<p>Izmantotie resursi:<br \/><a target=\"_blank\" href=\"https:\/\/x.com\/AnadoluEfesSK\/status\/1993962165749809334\" rel=\"nofollow\">https:\/\/x.com\/AnadoluEfesSK\/status\/&#8230;<\/a><\/p>\n","protected":false},"excerpt":{"rendered":"Stambulas &#8220;Efes&#8221; sv\u0113tdien Burs\u0101 ar 79:86 piek\u0101p\u0101s &#8220;Tofa\u015f&#8221; un piedz\u012bvoja jau tre\u0161o zaud\u0113jumu Turcijas Superl\u012bg\u0101 p\u0113c k\u0101rtas, bet&hellip;\n","protected":false},"author":2,"featured_media":59734,"comment_status":"","ping_status":"","sticky":false,"template":"","format":"standard","meta":{"footnotes":""},"categories":[17],"tags":[145,35,39,38,36,37,34,40,67],"class_list":{"0":"post-59733","1":"post","2":"type-post","3":"status-publish","4":"format-standard","5":"has-post-thumbnail","7":"category-sports","8":"tag-basketbols","9":"tag-latvia","10":"tag-latvian","11":"tag-latviesu","12":"tag-latviesu-valoda","13":"tag-latviesuvaloda","14":"tag-latvija","15":"tag-lv","16":"tag-sports"},"share_on_mastodon":{"url":"https:\/\/pubeurope.com\/@lv\/115621299683494010","error":""},"_links":{"self":[{"href":"https:\/\/www.europesays.com\/lv\/wp-json\/wp\/v2\/posts\/59733","targetHints":{"allow":["GET"]}}],"collection":[{"href":"https:\/\/www.europesays.com\/lv\/wp-json\/wp\/v2\/posts"}],"about":[{"href":"https:\/\/www.europesays.com\/lv\/wp-json\/wp\/v2\/types\/post"}],"author":[{"embeddable":true,"href":"https:\/\/www.europesays.com\/lv\/wp-json\/wp\/v2\/users\/2"}],"replies":[{"embeddable":true,"href":"https:\/\/www.europesays.com\/lv\/wp-json\/wp\/v2\/comments?post=59733"}],"version-history":[{"count":0,"href":"https:\/\/www.europesays.com\/lv\/wp-json\/wp\/v2\/posts\/59733\/revisions"}],"wp:featuredmedia":[{"embeddable":true,"href":"https:\/\/www.europesays.com\/lv\/wp-json\/wp\/v2\/media\/59734"}],"wp:attachment":[{"href":"https:\/\/www.europesays.com\/lv\/wp-json\/wp\/v2\/media?parent=59733"}],"wp:term":[{"taxonomy":"category","embeddable":true,"href":"https:\/\/www.europesays.com\/lv\/wp-json\/wp\/v2\/categories?post=59733"},{"taxonomy":"post_tag","embeddable":true,"href":"https:\/\/www.europesays.com\/lv\/wp-json\/wp\/v2\/tags?post=59733"}],"curies":[{"name":"wp","href":"https:\/\/api.w.org\/{rel}","templated":true}]}}