{"id":59761,"date":"2025-11-27T11:32:08","date_gmt":"2025-11-27T11:32:08","guid":{"rendered":"https:\/\/www.europesays.com\/lv\/59761\/"},"modified":"2025-11-27T11:32:08","modified_gmt":"2025-11-27T11:32:08","slug":"vai-jaunaks-automobilis-latvija-vienmer-ir-labaks-ekspertu-viedokli-un-aktualas-tendences-lente-lv","status":"publish","type":"post","link":"https:\/\/www.europesays.com\/lv\/59761\/","title":{"rendered":"Vai jaun\u0101ks automobilis Latvij\u0101 vienm\u0113r ir lab\u0101ks? Ekspertu viedok\u013ci un aktu\u0101l\u0101s tendences\u00a0\u2014\u00a0Lente.lv"},"content":{"rendered":"<p>Jaun\u0101ka auto priek\u0161roc\u012bbas un tr\u016bkumi Latvijas apst\u0101k\u013cos<\/p>\n<p>Automa\u0161\u012bnu pasaule nemit\u012bgi att\u012bst\u0101s, un katra jaun\u0101 paaudze sola aizvien modern\u0101kas tehnolo\u0123ijas un uzlabotu dizainu. Pirc\u0113jus bie\u017ei vien ap\u017eilbina jaun\u0101kie un spo\u017e\u0101kie mode\u013ci, ta\u010du vai tie\u0161\u0101m jaun\u0101ks automobilis Latvijas main\u012bgajos ce\u013ca un klimatiskajos apst\u0101k\u013cos vienm\u0113r ir lab\u0101ka izv\u0113le? Eksperti nor\u0101da, ka atbilde nav tik vienk\u0101r\u0161a, k\u0101 var\u0113tu \u0161\u0137ist.<\/p>\n<p>Tehnolo\u0123iju sacens\u012bba un t\u0101s \u0113nas puses<\/p>\n<p>M\u016bsdien\u0101s automa\u0161\u012bnu ra\u017eot\u0101ji arvien vair\u0101k konkur\u0113 tehnolo\u0123iskaj\u0101 zi\u0146\u0101. Kam\u0113r brauk\u0161anas \u012bpa\u0161\u012bbas un praktiskums starp da\u017e\u0101diem z\u012bmoliem ir k\u013cuvu\u0161i l\u012bdzsvarot\u0101ki, uzman\u012bbas centr\u0101 non\u0101ku\u0161as elektronikas inov\u0101cijas. K\u0101 uzsver auto\u017eurn\u0101lists Viesturs Leitholds, m\u016bsdien\u0101s visstrauj\u0101k att\u012bst\u0101s tie\u0161i elektronikas komponentes, un auto tiek uzskat\u012bts par novecoju\u0161u, ja t\u0101 multimediju sist\u0113ma atpaliek no konkurentiem, pat ja t\u0101 brauk\u0161anas \u012bpa\u0161\u012bbas ir lieliskas . Tom\u0113r ne vienm\u0113r jaun\u0101k\u0101s tehnolo\u0123ijas ir praktisk\u0101k\u0101s. Auto\u017eurn\u0101lists M\u0101ris Gaugers br\u012bdina, ka da\u017ek\u0101rt ra\u017eot\u0101ji p\u0101rsp\u012bl\u0113, piem\u0113ram, ievie\u0161ot sk\u0101rienjut\u012bgas vad\u012bbas klimata kontrolei vai st\u016brei, kas var apgr\u016btin\u0101t lieto\u0161anu un pat attur\u0113t pirc\u0113jus . \u0160\u0101di risin\u0101jumi var likt dizaineriem p\u0101rdom\u0101t un atgriezties pie praktisk\u0101kiem risin\u0101jumiem, lai nezaud\u0113tu klientus .<\/p>\n<p>In\u017eenierijas mantojums un hibr\u012bdu evol\u016bcija<\/p>\n<p>Lai gan jaun\u0101s paaudzes mode\u013ci bie\u017ei vien izce\u013cas ar satrieco\u0161u dizainu, zem sp\u012bd\u012bg\u0101s virsb\u016bves nereti sl\u0113pjas jau p\u0101rbaud\u012bti un laika gait\u0101 nosl\u012bp\u0113ti in\u017eenierijas risin\u0101jumi . \u0160is fakts liek aizdom\u0101ties, vai katrs n\u0101kamais solis vienm\u0113r ir milz\u012bgs l\u0113ciens uz priek\u0161u. K\u0101 piem\u0113ru var min\u0113t hibr\u012bda tehnolo\u0123ijas, kuras s\u0101kotn\u0113ji var\u0113ja \u0161\u0137ist ne tik pat\u012bkamas brauk\u0161an\u0101 ar ska\u013ciem dzin\u0113jiem un nepietiekamu dinamiku . Ta\u010du m\u016bsdien\u0101s ra\u017eot\u0101ji ir sasniegu\u0161i iev\u0113rojamu progresu, radot hibr\u012bdus, kas pied\u0101v\u0101 gan efektivit\u0101ti, gan pat\u012bkamu brauk\u0161anas pieredzi, kur\u0101 iek\u0161dedzes un elektriskie motori ir labi sabalans\u0113ti . \u012apa\u0161i pieaugo\u0161a ir plug-in hibr\u012bdu (PHEV) popularit\u0101te Latvij\u0101, ko veicina pla\u0161\u0101ks mode\u013cu pied\u0101v\u0101jums un palielin\u0101jusies elektrisk\u0101 sniedzam\u012bba .<\/p>\n<p>Cena un praktiskais aspekts<\/p>\n<p>Pirc\u0113jiem vissvar\u012bg\u0101kais faktors joproj\u0101m ir cena . Liel\u0101 piepras\u012bjuma d\u0113\u013c jauno mode\u013cu cenas gandr\u012bz vienm\u0113r ir augst\u0101kas nek\u0101 priek\u0161te\u010diem, da\u013c\u0113ji t\u0101p\u0113c, ka tie ir apr\u012bkoti ar modern\u0101kaj\u0101m tehnolo\u0123ij\u0101m . Tom\u0113r, lai gan jauni auto izce\u013cas ar pievilc\u012bgu dizainu un jaun\u0101kaj\u0101m tehnolo\u0123ij\u0101m, zem virsb\u016bves nereti sl\u0113pjas jau p\u0101rbaud\u012bti risin\u0101jumi, kas ne vienm\u0113r p\u0101rsteidz ar revolucion\u0101riem jaunin\u0101jumiem . Lai gan jaunas automa\u0161\u012bnas bie\u017ei vien ir d\u0101rg\u0101kas, t\u0101s ar\u012b strauji zaud\u0113 savu v\u0113rt\u012bbu \u2013 jau p\u0113c izbrauk\u0161anas no salona to v\u0113rt\u012bba var samazin\u0101ties par 10-15% .<\/p>\n<p>Automa\u0161\u012bnu dz\u012bves cikls un moderniz\u0101cija<\/p>\n<p>Automa\u0161\u012bnu ra\u017eo\u0161anas nozare darbojas cikliski. Mode\u013cu paaudzes, tehnolo\u0123ijas un dizaina valodas nep\u0101rtraukti main\u0101s . Parasti visaugst\u0101ko popularit\u0101tes punktu mode\u013ci sasniedz otraj\u0101 un tre\u0161aj\u0101 ra\u017eo\u0161anas gad\u0101. V\u0113l\u0101k piepras\u012bjums s\u0101k samazin\u0101ties, jo konkurenti nep\u0101rtraukti lai\u017e tirg\u016b jaunus produktus . Lai saglab\u0101tu mode\u013ca aktualit\u0101ti, ra\u017eot\u0101ji t\u0101 dz\u012bves cikla vid\u016b veic moderniz\u0101ciju, papildinot automobili ar jaun\u0101kaj\u0101m tehnolo\u0123ij\u0101m . Laikam ritot, pirc\u0113jiem tiek pied\u0101v\u0101tas ar\u012b da\u017e\u0101das atlaides, kas attiec\u012bgo modeli padara v\u0113l izdev\u012bg\u0101ku . P\u0113c se\u0161iem l\u012bdz asto\u0146iem gadiem tirg\u016b non\u0101k jaun\u0101 paaudze, un cikls atk\u0101rtojas .<\/p>\n<p>Latvijas auto tirgus tendences 2025. gad\u0101<\/p>\n<p>2025. gad\u0101 Latvijas jauno automa\u0161\u012bnu tirg\u016b domin\u0113 vair\u0101kas tendences. Elektroauto popularit\u0101te turpina pieaugt, ko veicina gan Eiropas Savien\u012bbas stingr\u0101kie CO\u2082 ierobe\u017eojumi, gan valsts subs\u012bdijas, gan ar\u012b papla\u0161in\u0101tais uzl\u0101des staciju t\u012bkls . Autonom\u0101s vad\u012bbas tehnolo\u0123ijas k\u013c\u016bst arvien popul\u0101r\u0101kas, lai gan piln\u012bb\u0101 autonomas automa\u0161\u012bnas v\u0113l nav ieviestas . Lietoto automa\u0161\u012bnu tirg\u016b joproj\u0101m domin\u0113 v\u0101cu z\u012bmoli, piem\u0113ram, Volkswagen, BMW un Audi, kas iecien\u012bti uzticam\u012bbas, sp\u0113c\u012bg\u0101 t\u0113la un z\u012bmola d\u0113\u013c . Lai gan auto tirgus sask\u0101r\u0101s ar kritumu, zem\u0101kas kred\u012btlikmes ir veicin\u0101ju\u0161as automa\u0161\u012bnu ieg\u0101di ar l\u012bzingu, \u012bpa\u0161i priv\u0101tpersonu vid\u016b . Kopum\u0101 Latvijas autoparks pamaz\u0101m k\u013c\u016bst jaun\u0101ks, tom\u0113r joproj\u0101m ir virs vid\u0113j\u0101 Eiropas Savien\u012bbas r\u0101d\u012bt\u0101ja .<\/p>\n","protected":false},"excerpt":{"rendered":"Jaun\u0101ka auto priek\u0161roc\u012bbas un tr\u016bkumi Latvijas apst\u0101k\u013cos Automa\u0161\u012bnu pasaule nemit\u012bgi att\u012bst\u0101s, un katra jaun\u0101 paaudze sola aizvien modern\u0101kas&hellip;\n","protected":false},"author":2,"featured_media":59762,"comment_status":"","ping_status":"","sticky":false,"template":"","format":"standard","meta":{"footnotes":""},"categories":[16],"tags":[133,6769,11777,77,76,13370,10201,35,39,38,36,37,34,40],"class_list":{"0":"post-59761","1":"post","2":"type-post","3":"status-publish","4":"format-standard","5":"has-post-thumbnail","7":"category-bizness","8":"tag-auto-modelu-dzives-cikls","9":"tag-auto-tehnologijas","10":"tag-auto-tirgus-latvija","11":"tag-bizness","12":"tag-business","13":"tag-hibrida-automasinas","14":"tag-jaunaks-auto","15":"tag-latvia","16":"tag-latvian","17":"tag-latviesu","18":"tag-latviesu-valoda","19":"tag-latviesuvaloda","20":"tag-latvija","21":"tag-lv"},"share_on_mastodon":{"url":"https:\/\/pubeurope.com\/@lv\/115621445173931958","error":""},"_links":{"self":[{"href":"https:\/\/www.europesays.com\/lv\/wp-json\/wp\/v2\/posts\/59761","targetHints":{"allow":["GET"]}}],"collection":[{"href":"https:\/\/www.europesays.com\/lv\/wp-json\/wp\/v2\/posts"}],"about":[{"href":"https:\/\/www.europesays.com\/lv\/wp-json\/wp\/v2\/types\/post"}],"author":[{"embeddable":true,"href":"https:\/\/www.europesays.com\/lv\/wp-json\/wp\/v2\/users\/2"}],"replies":[{"embeddable":true,"href":"https:\/\/www.europesays.com\/lv\/wp-json\/wp\/v2\/comments?post=59761"}],"version-history":[{"count":0,"href":"https:\/\/www.europesays.com\/lv\/wp-json\/wp\/v2\/posts\/59761\/revisions"}],"wp:featuredmedia":[{"embeddable":true,"href":"https:\/\/www.europesays.com\/lv\/wp-json\/wp\/v2\/media\/59762"}],"wp:attachment":[{"href":"https:\/\/www.europesays.com\/lv\/wp-json\/wp\/v2\/media?parent=59761"}],"wp:term":[{"taxonomy":"category","embeddable":true,"href":"https:\/\/www.europesays.com\/lv\/wp-json\/wp\/v2\/categories?post=59761"},{"taxonomy":"post_tag","embeddable":true,"href":"https:\/\/www.europesays.com\/lv\/wp-json\/wp\/v2\/tags?post=59761"}],"curies":[{"name":"wp","href":"https:\/\/api.w.org\/{rel}","templated":true}]}}