{"id":59767,"date":"2025-11-27T11:58:07","date_gmt":"2025-11-27T11:58:07","guid":{"rendered":"https:\/\/www.europesays.com\/lv\/59767\/"},"modified":"2025-11-27T11:58:07","modified_gmt":"2025-11-27T11:58:07","slug":"cels-uz-vienotu-un-personalizetu-veza-aprupi-latvija-lente-lv","status":"publish","type":"post","link":"https:\/\/www.europesays.com\/lv\/59767\/","title":{"rendered":"Ce\u013c\u0161 uz vienotu un personaliz\u0113tu v\u0113\u017ea apr\u016bpi Latvij\u0101\u00a0\u2014\u00a0Lente.lv"},"content":{"rendered":"<p>V\u0113\u017ea apr\u016bpes pilnveido\u0161ana: B\u0113rnu un pieaugu\u0161o onkolo\u0123ijas robe\u017eu dz\u0113\u0161ana<\/p>\n<p>Latvijas vesel\u012bbas apr\u016bpes sist\u0113m\u0101 tiek sperts noz\u012bm\u012bgs solis uz priek\u0161u, apzinoties nepiecie\u0161am\u012bbu nojaukt robe\u017eas starp b\u0113rnu un pieaugu\u0161o onkolo\u0123iju. \u0160\u012b iecere ir ne tikai teor\u0113tisks apsv\u0113rums, bet ar\u012b praktiska nepiecie\u0161am\u012bba, lai nodro\u0161in\u0101tu nep\u0101rtrauktu un personaliz\u0113tu apr\u016bpi v\u0113\u017ea pacientiem vis\u0101s dz\u012bves posmos. Vesel\u012bbas ministrija atz\u012bst \u0161\u012bs iniciat\u012bvas svar\u012bgumu un ap\u0146emas akt\u012bvi atbalst\u012bt speci\u0101listu ieceres, lai gan ir skaidrs, ka \u0161\u012bs p\u0101rmai\u0146as nevar notikt vienas dienas laik\u0101, jo t\u0101s prasa izmai\u0146as normat\u012bvajos aktos.<\/p>\n<p>P\u0101rejas posms: No jaunie\u0161a l\u012bdz pieaugu\u0161ajam pacients<\/p>\n<p>Galvenais m\u0113r\u0137is ir rad\u012bt sist\u0113mu, kur\u0101 br\u012bd\u012b, kad v\u0113\u017ea pacients sasniedz pilngad\u012bbu, vi\u0146a turpm\u0101k\u0101 \u0101rst\u0113\u0161ana un slim\u012bbas uzraudz\u012bba tiek organiz\u0113ta, \u0146emot v\u0113r\u0101 jaunie\u0161a individu\u0101l\u0101s vajadz\u012bbas un piem\u0113rot\u0101kos apr\u016bpes mode\u013cus. \u0160obr\u012bd eso\u0161\u0101 situ\u0101cija bie\u017ei vien noz\u012bm\u0113 radik\u0101lu p\u0101reju no b\u0113rnu apr\u016bpes speci\u0101listu uzraudz\u012bbas uz pieaugu\u0161o apr\u016bpes sist\u0113mu, kas var b\u016bt gan fiziski, gan emocion\u0101li saspringta jaunie\u0161iem. Jaunais pl\u0101ns paredz mazin\u0101t \u0161o p\u0101rejas posmu, nodro\u0161inot glud\u0101ku un saprotam\u0101ku ce\u013cu turpm\u0101kajai apr\u016bpei. 2025. gad\u0101 apstiprin\u0101tais Vesel\u012bbas apr\u016bpes pakalpojumu uzlabo\u0161anas pl\u0101ns onkolo\u0123ijas jom\u0101 2025.\u20132027. gadam paredz b\u016btiskus uzlabojumus visos apr\u016bpes posmos, tostarp ar\u012b b\u0113rnu onkolo\u0123ij\u0101 un datu p\u0101rvald\u012bb\u0101, kas pal\u012bdz\u0113s nodro\u0161in\u0101t nep\u0101rtraukt\u012bbu.<\/p>\n<p>Uzlabot\u0101s apr\u016bpes virzieni un pl\u0101ni<\/p>\n<p>Lai sasniegtu \u0161o m\u0113r\u0137i, tiek izstr\u0101d\u0101ti un ieviesti vair\u0101ki noz\u012bm\u012bgi pas\u0101kumi. Tiek pl\u0101nots stiprin\u0101t agr\u012bnu diagnostiku, pilnveidot skr\u012bninga programmas, papla\u0161in\u0101t valsts apmaks\u0101tus izmekl\u0113jumus un \u0101rst\u0113\u0161anu. B\u0113rnu onkolo\u0123ij\u0101 \u012bpa\u0161a uzman\u012bba tiek piev\u0113rsta starptautisko vadl\u012bniju ievie\u0161anai un personaliz\u0113tas \u0101rst\u0113\u0161anas noz\u012bmei, kas ir b\u016btiski, lai nodro\u0161in\u0101tu efekt\u012bv\u0101ko terapiju. Tiek dom\u0101ts par skaidru kl\u012bnisko ce\u013cu izveidi prim\u0101r\u0101s apr\u016bpes speci\u0101listiem, lai nodro\u0161in\u0101tu b\u0113rnu savlaic\u012bgu novirz\u012b\u0161anu uz B\u0113rnu kl\u012bnisko universit\u0101tes slimn\u012bcu, k\u0101 ar\u012b vec\u0101ku inform\u0113\u0161anu par slim\u012bbas paz\u012bm\u0113m.<\/p>\n<p>Vesel\u012bbas ministrija uzsver, ka mirst\u012bbas r\u0101d\u012bt\u0101ju samazin\u0101\u0161ana no \u013caundab\u012bgiem audz\u0113jiem un piecu gadu izdz\u012bvot\u012bbas palielin\u0101\u0161ana ir galvenie pl\u0101na m\u0113r\u0137i. Lai to pan\u0101ktu, nepiecie\u0161ams ne tikai uzlabot \u0101rstniec\u012bbas kvalit\u0101ti un pieejam\u012bbu, \u012bpa\u0161i re\u0123ionos, bet ar\u012b pilnveidot b\u0113rnu onkolo\u0123iju un vienot\u0101s metodisk\u0101s vad\u012bbas sist\u0113mas vis\u0101 valst\u012b. Viens no so\u013ciem ir datu p\u0101rvald\u012bbas pilnveido\u0161ana, lai uzlabotu l\u0113mumu pie\u0146em\u0161anu un terapijas efektivit\u0101ti.<\/p>\n<p>Izaicin\u0101jumi un risin\u0101jumi<\/p>\n<p>Lai gan nodoms ir c\u0113ls un nepiecie\u0161am\u012bba ir ac\u012bmredzama, p\u0101rmai\u0146as prasa laiku un resursus. K\u0101 nor\u0101d\u012bts Vesel\u012bbas apr\u016bpes pakalpojumu uzlabo\u0161anas pl\u0101n\u0101 onkolo\u0123ijas jom\u0101 2022.\u20132024. gadam, ir nepiecie\u0161amas izmai\u0146as normat\u012bvajos aktos, kas var ieilgt. T\u0101pat svar\u012bgi ir nodro\u0161in\u0101t pietiekamu finans\u0113jumu \u0161iem pas\u0101kumiem. Lai gan Latvij\u0101 mirst\u012bbas r\u0101d\u012bt\u0101ji no \u013caundab\u012bgiem audz\u0113jiem ir augst\u0101ki nek\u0101 vid\u0113ji Eiropas Savien\u012bb\u0101, p\u0113d\u0113jo gadu laik\u0101 ir pan\u0101kts progress, samazinot priek\u0161laic\u012bgas mirst\u012bbas r\u0101d\u012bt\u0101ju par vair\u0101k nek\u0101 10%. \u0160ie pan\u0101kumi liecina, ka m\u0113r\u0137tiec\u012bga pl\u0101no\u0161ana un pas\u0101kumu \u012bsteno\u0161ana ir efekt\u012bva.<\/p>\n<p>Speci\u0101listi un pacientu organiz\u0101cijas rosina iek\u013caut jaunaj\u0101 pl\u0101n\u0101 atsevi\u0161\u0137u sada\u013cu b\u0113rnu un pusaud\u017eu onkolo\u0123ijai, jo \u0161\u012bm pacientu grup\u0101m nepiecie\u0161amas specifiskas kontroles strat\u0113\u0123ijas, kas saist\u012btas ar audz\u0113ja biolo\u0123iju un nepiecie\u0161amo pakalpojumu veidiem. Ir svar\u012bgi defin\u0113t turpm\u0101ko \u0101rstniec\u012bbas gaitu, kad b\u0113rns sasniedz pilngad\u012bbu un j\u0101maina \u0101rstniec\u012bbas pieeja un vieta. \u0122en\u0113tiskie izmekl\u0113jumi un inovat\u012bvo terapiju pieejam\u012bba ir kritiski svar\u012bgi punkti personaliz\u0113t\u0101 apr\u016bp\u0113.<\/p>\n<p>N\u0101kotnes perspekt\u012bvas<\/p>\n<p>Vesel\u012bbas ministrija ir ap\u0146\u0113musies virz\u012bt \u0161\u012bs p\u0101rmai\u0146as, sadarbojoties ar nozares profesion\u0101\u013ciem un pacientu organiz\u0101cij\u0101m. Tiek izstr\u0101d\u0101ti visaptvero\u0161i pl\u0101ni, kas aptver visu apr\u016bpes ciklu \u2013 no profilakses un agr\u012bnas diagnostikas l\u012bdz \u0101rst\u0113\u0161anai, rehabilit\u0101cijai un psihosoci\u0101lajam atbalstam. Lai gan ce\u013c\u0161 uz piln\u012bgu integr\u0101ciju starp b\u0113rnu un pieaugu\u0161o onkolo\u0123iju ir sare\u017e\u0123\u012bts, apvienot\u0101s p\u016bles un skaidri defin\u0113ti m\u0113r\u0137i dod cer\u012bbu uz kvalitat\u012bv\u0101ku un cilv\u0113cisk\u0101ku v\u0113\u017ea apr\u016bpi Latvij\u0101. \u0160\u012b br\u012b\u017ea strat\u0113\u0123ija, kas ietver gan agr\u012bn\u0101s diagnostikas stiprin\u0101\u0161anu, gan eso\u0161o \u0101rstniec\u012bbas koridoru pilnveido\u0161anu, liecina par ap\u0146em\u0161anos uzlabot pacientu dz\u012bves kvalit\u0101ti un prognozes.<\/p>\n","protected":false},"excerpt":{"rendered":"V\u0113\u017ea apr\u016bpes pilnveido\u0161ana: B\u0113rnu un pieaugu\u0161o onkolo\u0123ijas robe\u017eu dz\u0113\u0161ana Latvijas vesel\u012bbas apr\u016bpes sist\u0113m\u0101 tiek sperts noz\u012bm\u012bgs solis uz&hellip;\n","protected":false},"author":2,"featured_media":59768,"comment_status":"","ping_status":"","sticky":false,"template":"","format":"standard","meta":{"footnotes":""},"categories":[12],"tags":[23,15859,28,29,32,33,22,30,31,35,39,38,36,37,34,40,20,3140,15858,15860,26,27,24,25,787,21],"class_list":{"0":"post-59767","1":"post","2":"type-post","3":"status-publish","4":"format-standard","5":"has-post-thumbnail","7":"category-latvija","8":"tag-aktualitates","9":"tag-bernu-onkologija","10":"tag-breaking-news","11":"tag-breakingnews","12":"tag-featured-news","13":"tag-featurednews","14":"tag-headlines","15":"tag-latest-news","16":"tag-latestnews","17":"tag-latvia","18":"tag-latvian","19":"tag-latviesu","20":"tag-latviesu-valoda","21":"tag-latviesuvaloda","22":"tag-latvija","23":"tag-lv","24":"tag-news","25":"tag-onkologija","26":"tag-pacientu-aprupe","27":"tag-pieauguso-onkologija","28":"tag-popularakas-zinas","29":"tag-popularakaszinas","30":"tag-top-stories","31":"tag-topstories","32":"tag-veselibas-aprupe","33":"tag-zinas"},"share_on_mastodon":{"url":"https:\/\/pubeurope.com\/@lv\/115621547423086459","error":""},"_links":{"self":[{"href":"https:\/\/www.europesays.com\/lv\/wp-json\/wp\/v2\/posts\/59767","targetHints":{"allow":["GET"]}}],"collection":[{"href":"https:\/\/www.europesays.com\/lv\/wp-json\/wp\/v2\/posts"}],"about":[{"href":"https:\/\/www.europesays.com\/lv\/wp-json\/wp\/v2\/types\/post"}],"author":[{"embeddable":true,"href":"https:\/\/www.europesays.com\/lv\/wp-json\/wp\/v2\/users\/2"}],"replies":[{"embeddable":true,"href":"https:\/\/www.europesays.com\/lv\/wp-json\/wp\/v2\/comments?post=59767"}],"version-history":[{"count":0,"href":"https:\/\/www.europesays.com\/lv\/wp-json\/wp\/v2\/posts\/59767\/revisions"}],"wp:featuredmedia":[{"embeddable":true,"href":"https:\/\/www.europesays.com\/lv\/wp-json\/wp\/v2\/media\/59768"}],"wp:attachment":[{"href":"https:\/\/www.europesays.com\/lv\/wp-json\/wp\/v2\/media?parent=59767"}],"wp:term":[{"taxonomy":"category","embeddable":true,"href":"https:\/\/www.europesays.com\/lv\/wp-json\/wp\/v2\/categories?post=59767"},{"taxonomy":"post_tag","embeddable":true,"href":"https:\/\/www.europesays.com\/lv\/wp-json\/wp\/v2\/tags?post=59767"}],"curies":[{"name":"wp","href":"https:\/\/api.w.org\/{rel}","templated":true}]}}