{"id":59771,"date":"2025-11-27T12:06:08","date_gmt":"2025-11-27T12:06:08","guid":{"rendered":"https:\/\/www.europesays.com\/lv\/59771\/"},"modified":"2025-11-27T12:06:08","modified_gmt":"2025-11-27T12:06:08","slug":"100-lauris-reiniks-muzikis-izzino-latvijas-koncertturneju","status":"publish","type":"post","link":"https:\/\/www.europesays.com\/lv\/59771\/","title":{"rendered":"\u201c100% Lauris Reiniks\u201d. M\u016bzi\u0137is izzi\u0146o Latvijas koncertturneju"},"content":{"rendered":"<p>Esmu simtprocent\u012bgi dro\u0161s, ka t\u0101 b\u016bs emocion\u0101la, jauka, jautra un patiesa atkal satik\u0161an\u0101s man\u0101 m\u016bzik\u0101, dej\u0101s, jokos un \u0161ov\u0101 uz skatuves. Dzied\u0101sim un baud\u012bsim vakaru kop\u0101 uz visiem 100 procentiem un es b\u016b\u0161u k\u0101 vienm\u0113r \u2014 100% Lauris Reiniks. Tie\u0161i t\u0101ds, k\u0101du j\u016bs mani zin\u0101t un gaid\u0101t. Un es ar prieku gaid\u012b\u0161u ar\u012b j\u016bs!\u201d<\/p>\n<p>Koncertos klaus\u012bt\u0101ji dzird\u0113s gan popul\u0101r\u0101kos Reinika hitus, gan ar\u012b nedaudz piemirstas dziesmas, kur\u0101m tiks iedota jauna muzik\u0101l\u0101 elpa. Neiztiks ar\u012b bez p\u0101rsteigumiem un \u012bpa\u0161iem viesiem.<\/p>\n<p>Kop\u0101 uz skatuves ar Lauri muzic\u0113s pavado\u0161\u0101 grupa: pianists J\u0101nis Milti\u0146\u0161, \u0123it\u0101rists J\u0101nis Kalni\u0146\u0161, bas\u0123it\u0101rists Toms Kurs\u012btis, bundzinieks Dairis Petrauskis, vok\u0101listes Marta Kukarane-Fabriciusa un Anita K\u0101rkli\u0146a, k\u0101 ar\u012b dejot\u0101jas horeogr\u0101fes Be\u0101tes Svarinskas vad\u012bb\u0101.<\/p>\n<p>Koncerti sol\u0101s b\u016bt 100% aizraujo\u0161s, kr\u0101\u0161\u0146s un sirsn\u012bgs \u0161ovs visiem Laura Reinika talanta cien\u012bt\u0101jiem.<\/p>\n<p>Lauris Reiniks uzst\u0101sies:<\/p>\n<ul>\n<li>7. mart\u0101 VEF Kult\u016bras pil\u012b;<\/li>\n<li>12. mart\u0101 \u201cUlbrokas p\u0113rl\u0113\u201d;<\/li>\n<li>20. mart\u0101 Valmieras Kult\u016bras centr\u0101;<\/li>\n<li>22. mart\u0101 Latgales v\u0113stniec\u012bb\u0101 \u201cGors\u201d;<\/li>\n<li>29. mart\u0101 Liep\u0101jas OC Ro\u017eu z\u0101l\u0113;<\/li>\n<li>2. apr\u012bl\u012b Jelgavas Kult\u016bras nam\u0101.<\/li>\n<\/ul>\n<p>Koncertus r\u012bko komp\u0101nija \u201cForte Production\u201d.<\/p>\n<p class=\"tv3-fw-500\">Zi\u0146o par k\u013c\u016bdu rakst\u0101<\/p>\n<p class=\"d-md-block d-none\">Iez\u012bm\u0113 k\u013c\u016bdaino tekstu un spied Ctrl+Enter.<\/p>\n<p class=\"d-md-none d-block\">Iez\u012bm\u0113 k\u013c\u016bdaino tekstu un zi\u0146o par to!<\/p>\n","protected":false},"excerpt":{"rendered":"Esmu simtprocent\u012bgi dro\u0161s, ka t\u0101 b\u016bs emocion\u0101la, jauka, jautra un patiesa atkal satik\u0161an\u0101s man\u0101 m\u016bzik\u0101, dej\u0101s, jokos un&hellip;\n","protected":false},"author":2,"featured_media":59772,"comment_status":"","ping_status":"","sticky":false,"template":"","format":"standard","meta":{"footnotes":""},"categories":[19],"tags":[89,90,35,39,38,36,37,34,12443,40],"class_list":{"0":"post-59771","1":"post","2":"type-post","3":"status-publish","4":"format-standard","5":"has-post-thumbnail","7":"category-izklaide","8":"tag-entertainment","9":"tag-izklaide","10":"tag-latvia","11":"tag-latvian","12":"tag-latviesu","13":"tag-latviesu-valoda","14":"tag-latviesuvaloda","15":"tag-latvija","16":"tag-lauris-reiniks","17":"tag-lv"},"share_on_mastodon":{"url":"https:\/\/pubeurope.com\/@lv\/115621579303424411","error":""},"_links":{"self":[{"href":"https:\/\/www.europesays.com\/lv\/wp-json\/wp\/v2\/posts\/59771","targetHints":{"allow":["GET"]}}],"collection":[{"href":"https:\/\/www.europesays.com\/lv\/wp-json\/wp\/v2\/posts"}],"about":[{"href":"https:\/\/www.europesays.com\/lv\/wp-json\/wp\/v2\/types\/post"}],"author":[{"embeddable":true,"href":"https:\/\/www.europesays.com\/lv\/wp-json\/wp\/v2\/users\/2"}],"replies":[{"embeddable":true,"href":"https:\/\/www.europesays.com\/lv\/wp-json\/wp\/v2\/comments?post=59771"}],"version-history":[{"count":0,"href":"https:\/\/www.europesays.com\/lv\/wp-json\/wp\/v2\/posts\/59771\/revisions"}],"wp:featuredmedia":[{"embeddable":true,"href":"https:\/\/www.europesays.com\/lv\/wp-json\/wp\/v2\/media\/59772"}],"wp:attachment":[{"href":"https:\/\/www.europesays.com\/lv\/wp-json\/wp\/v2\/media?parent=59771"}],"wp:term":[{"taxonomy":"category","embeddable":true,"href":"https:\/\/www.europesays.com\/lv\/wp-json\/wp\/v2\/categories?post=59771"},{"taxonomy":"post_tag","embeddable":true,"href":"https:\/\/www.europesays.com\/lv\/wp-json\/wp\/v2\/tags?post=59771"}],"curies":[{"name":"wp","href":"https:\/\/api.w.org\/{rel}","templated":true}]}}