{"id":59785,"date":"2025-11-27T12:29:09","date_gmt":"2025-11-27T12:29:09","guid":{"rendered":"https:\/\/www.europesays.com\/lv\/59785\/"},"modified":"2025-11-27T12:29:09","modified_gmt":"2025-11-27T12:29:09","slug":"ar-ipasu-likumu-sirijas-pilsonim-alismailam-pieskir-latvijas-pilsonibu","status":"publish","type":"post","link":"https:\/\/www.europesays.com\/lv\/59785\/","title":{"rendered":"Ar \u012bpa\u0161u likumu S\u012brijas pilsonim Alismailam pie\u0161\u0137ir Latvijas pilson\u012bbu"},"content":{"rendered":"<p>Savu iesniegumu Saeimas Pilson\u012bbas, migr\u0101cijas un sabiedr\u012bbas salied\u0113t\u012bbas komisijai Alismails pamatojis ar to, ka S\u012brijas pilson\u012bbas zaud\u0113\u0161ana nav iesp\u0113jama objekt\u012bvu iemeslu d\u0113\u013c. Lai ar\u012b S\u012brijas likumdo\u0161ana pie\u013cauj dubultpilson\u012bbu, t\u0101 neparedz iesp\u0113ju br\u012bvpr\u0101t\u012bgi atteikties no S\u012brijas pilson\u012bbas, k\u0101 ar\u012b sare\u017e\u0123\u012bt\u0101s politisk\u0101s situ\u0101cijas d\u0113\u013c nav iesp\u0113jams prognoz\u0113t, vai un kad \u0161\u0101da iesp\u0113ja var\u0113tu rasties.<\/p>\n<p>Atbalstu Alismaila Latvijas pilson\u012bbas ieg\u016b\u0161anai sniedz SIA &#8220;Innovative Travel Solutions&#8221;, kur\u0101 vi\u0146\u0161 pilda re\u0123ion\u0101l\u0101 vad\u012bt\u0101ja pien\u0101kumus, vadot un p\u0101rraugot vair\u0101k nek\u0101 200 darbinieku darbu un nodro\u0161inot uz\u0146\u0113muma strat\u0113\u0123isko att\u012bst\u012bbu.<\/p>\n<p>Uz\u0146\u0113mums uzsver, ka Alismaila profesion\u0101l\u0101s zin\u0101\u0161anas, darba \u0113tika un lojalit\u0101te padara vi\u0146u par noz\u012bm\u012bgu sabiedr\u012bbas locekli un vi\u0146a k\u013c\u016b\u0161ana par Latvijas pilsoni b\u016btu ieguvums Latvijai.<\/p>\n<p>Komisija, izv\u0113rt\u0113jot iesniegtos dokumentus un uzklausot pilson\u012bbas pretendentu par vi\u0146a veiktajiem m\u0113\u0123in\u0101jumiem atteikties no S\u012brijas pilson\u012bbas, k\u0101 ar\u012b vi\u0146a motiv\u0101ciju k\u013c\u016bt par Latvijas pilsoni un n\u0101kotnes iecer\u0113m, piepras\u012bja PMLP veikt p\u0101rbaudi par Alismaila atbilst\u012bbu Pilson\u012bbas likuma nosac\u012bjumiem.<\/p>\n","protected":false},"excerpt":{"rendered":"Savu iesniegumu Saeimas Pilson\u012bbas, migr\u0101cijas un sabiedr\u012bbas salied\u0113t\u012bbas komisijai Alismails pamatojis ar to, ka S\u012brijas pilson\u012bbas zaud\u0113\u0161ana nav&hellip;\n","protected":false},"author":2,"featured_media":59786,"comment_status":"","ping_status":"","sticky":false,"template":"","format":"standard","meta":{"footnotes":""},"categories":[5],"tags":[23,28,29,32,33,22,30,31,35,39,38,36,37,34,40,20,161,26,27,141,24,25,21],"class_list":{"0":"post-59785","1":"post","2":"type-post","3":"status-publish","4":"format-standard","5":"has-post-thumbnail","7":"category-aktualitates","8":"tag-aktualitates","9":"tag-breaking-news","10":"tag-breakingnews","11":"tag-featured-news","12":"tag-featurednews","13":"tag-headlines","14":"tag-latest-news","15":"tag-latestnews","16":"tag-latvia","17":"tag-latvian","18":"tag-latviesu","19":"tag-latviesu-valoda","20":"tag-latviesuvaloda","21":"tag-latvija","22":"tag-lv","23":"tag-news","24":"tag-pmlp","25":"tag-popularakas-zinas","26":"tag-popularakaszinas","27":"tag-saeima","28":"tag-top-stories","29":"tag-topstories","30":"tag-zinas"},"share_on_mastodon":{"url":"https:\/\/pubeurope.com\/@lv\/115621669347751582","error":""},"_links":{"self":[{"href":"https:\/\/www.europesays.com\/lv\/wp-json\/wp\/v2\/posts\/59785","targetHints":{"allow":["GET"]}}],"collection":[{"href":"https:\/\/www.europesays.com\/lv\/wp-json\/wp\/v2\/posts"}],"about":[{"href":"https:\/\/www.europesays.com\/lv\/wp-json\/wp\/v2\/types\/post"}],"author":[{"embeddable":true,"href":"https:\/\/www.europesays.com\/lv\/wp-json\/wp\/v2\/users\/2"}],"replies":[{"embeddable":true,"href":"https:\/\/www.europesays.com\/lv\/wp-json\/wp\/v2\/comments?post=59785"}],"version-history":[{"count":0,"href":"https:\/\/www.europesays.com\/lv\/wp-json\/wp\/v2\/posts\/59785\/revisions"}],"wp:featuredmedia":[{"embeddable":true,"href":"https:\/\/www.europesays.com\/lv\/wp-json\/wp\/v2\/media\/59786"}],"wp:attachment":[{"href":"https:\/\/www.europesays.com\/lv\/wp-json\/wp\/v2\/media?parent=59785"}],"wp:term":[{"taxonomy":"category","embeddable":true,"href":"https:\/\/www.europesays.com\/lv\/wp-json\/wp\/v2\/categories?post=59785"},{"taxonomy":"post_tag","embeddable":true,"href":"https:\/\/www.europesays.com\/lv\/wp-json\/wp\/v2\/tags?post=59785"}],"curies":[{"name":"wp","href":"https:\/\/api.w.org\/{rel}","templated":true}]}}