{"id":59854,"date":"2025-11-27T13:54:08","date_gmt":"2025-11-27T13:54:08","guid":{"rendered":"https:\/\/www.europesays.com\/lv\/59854\/"},"modified":"2025-11-27T13:54:08","modified_gmt":"2025-11-27T13:54:08","slug":"miera-risinajumam-janodrosina-ka-krievija-nevar-atsakt-agresiju-pret-ukrainu-pauz-braze","status":"publish","type":"post","link":"https:\/\/www.europesays.com\/lv\/59854\/","title":{"rendered":"Miera risin\u0101jumam j\u0101nodro\u0161ina, ka Krievija nevar ats\u0101kt agresiju pret Ukrainu, pau\u017e Bra\u017ee"},"content":{"rendered":"<p>K\u0101 inform\u0113ja ministres padomniece Signe Znoti\u0146a-Znota, san\u0101ksmi sasauca ES augst\u0101 p\u0101rst\u0101ve Kaja Kallasa, lai kop\u0101 ar Ukrainas un ES \u0101rlietu ministriem p\u0101rrun\u0101tu centienus pan\u0101kt mieru Ukrain\u0101, tostarp p\u0113c 23. novembr\u012b notiku\u0161aj\u0101m ASV, Ukrainas un Eiropas l\u012bderu un augsta l\u012bme\u0146a p\u0101rst\u0101vju sarun\u0101m \u017den\u0113v\u0101.<\/p>\n<p>Ministri p\u0101rrun\u0101ja ar\u012b progresu pie ES sankciju 20. k\u0101rtas.<\/p>\n<p>Bra\u017ee akcent\u0113ja, ka Ukrainai ir j\u0101b\u016bt kl\u0101teso\u0161ai vis\u0101s sarun\u0101s un l\u0113mumos par Ukrainu un t\u0101s n\u0101kotni, un Ukrainas loma ir noteico\u0161\u0101 jebk\u0101das vieno\u0161an\u0101s pie\u0146em\u0161an\u0101. Vi\u0146a nor\u0101d\u012bja, ka pozit\u012bvi v\u0113rt\u0113jamas ASV un Ukrainas sarunas, k\u0101 ar\u012b Eiropas valstu iesaiste, un ES dal\u012bbvalstis atbalsta ASV prezidenta Donalda Trampa miera centienus.<\/p>\n<p>Latvijas \u0101rlietu ministre uzsv\u0113ra, ka taisn\u012bgam un ilgsto\u0161am miera risin\u0101jumam j\u0101garant\u0113 Ukrainas suverenit\u0101te un sp\u0113c\u012bga, demokr\u0101tiska, notur\u012bga <a href=\"https:\/\/www.tvnet.lv\/term\/8497\/ukraina\" class=\"topicLink\" target=\"_blank\" rel=\"nofollow noopener\">Ukraina<\/a> un t\u0101s \u0101rpolitisk\u0101s un konstitucion\u0101l\u0101s izv\u0113les, tostarp attiec\u012bb\u0101 uz pievieno\u0161anos, tostarp ES un NATO. Vi\u0146aspr\u0101t, agresoru aptur\u0113t var tikai &#8220;miers caur sp\u0113ku&#8221; strat\u0113\u0123ija, izdarot maksim\u0101lu ekonomisku, milit\u0101ru un politisku spiedienu uz Krieviju.<\/p>\n","protected":false},"excerpt":{"rendered":"K\u0101 inform\u0113ja ministres padomniece Signe Znoti\u0146a-Znota, san\u0101ksmi sasauca ES augst\u0101 p\u0101rst\u0101ve Kaja Kallasa, lai kop\u0101 ar Ukrainas un&hellip;\n","protected":false},"author":2,"featured_media":59855,"comment_status":"","ping_status":"","sticky":false,"template":"","format":"standard","meta":{"footnotes":""},"categories":[5],"tags":[23,15493,447,28,29,32,33,22,74,30,31,35,39,38,36,37,34,40,20,26,27,24,25,276,21],"class_list":{"0":"post-59854","1":"post","2":"type-post","3":"status-publish","4":"format-standard","5":"has-post-thumbnail","7":"category-aktualitates","8":"tag-aktualitates","9":"tag-asv-ukrainas-miera-plans","10":"tag-baiba-braze","11":"tag-breaking-news","12":"tag-breakingnews","13":"tag-featured-news","14":"tag-featurednews","15":"tag-headlines","16":"tag-krievijas-iebrukums-ukraina","17":"tag-latest-news","18":"tag-latestnews","19":"tag-latvia","20":"tag-latvian","21":"tag-latviesu","22":"tag-latviesu-valoda","23":"tag-latviesuvaloda","24":"tag-latvija","25":"tag-lv","26":"tag-news","27":"tag-popularakas-zinas","28":"tag-popularakaszinas","29":"tag-top-stories","30":"tag-topstories","31":"tag-ukraina","32":"tag-zinas"},"share_on_mastodon":{"url":"https:\/\/pubeurope.com\/@lv\/115622003655329767","error":""},"_links":{"self":[{"href":"https:\/\/www.europesays.com\/lv\/wp-json\/wp\/v2\/posts\/59854","targetHints":{"allow":["GET"]}}],"collection":[{"href":"https:\/\/www.europesays.com\/lv\/wp-json\/wp\/v2\/posts"}],"about":[{"href":"https:\/\/www.europesays.com\/lv\/wp-json\/wp\/v2\/types\/post"}],"author":[{"embeddable":true,"href":"https:\/\/www.europesays.com\/lv\/wp-json\/wp\/v2\/users\/2"}],"replies":[{"embeddable":true,"href":"https:\/\/www.europesays.com\/lv\/wp-json\/wp\/v2\/comments?post=59854"}],"version-history":[{"count":0,"href":"https:\/\/www.europesays.com\/lv\/wp-json\/wp\/v2\/posts\/59854\/revisions"}],"wp:featuredmedia":[{"embeddable":true,"href":"https:\/\/www.europesays.com\/lv\/wp-json\/wp\/v2\/media\/59855"}],"wp:attachment":[{"href":"https:\/\/www.europesays.com\/lv\/wp-json\/wp\/v2\/media?parent=59854"}],"wp:term":[{"taxonomy":"category","embeddable":true,"href":"https:\/\/www.europesays.com\/lv\/wp-json\/wp\/v2\/categories?post=59854"},{"taxonomy":"post_tag","embeddable":true,"href":"https:\/\/www.europesays.com\/lv\/wp-json\/wp\/v2\/tags?post=59854"}],"curies":[{"name":"wp","href":"https:\/\/api.w.org\/{rel}","templated":true}]}}