{"id":59868,"date":"2025-11-27T14:11:09","date_gmt":"2025-11-27T14:11:09","guid":{"rendered":"https:\/\/www.europesays.com\/lv\/59868\/"},"modified":"2025-11-27T14:11:09","modified_gmt":"2025-11-27T14:11:09","slug":"valsts-budzeta-izdevumus-videja-termina-planots-samazinat-par-844-miljoniem-eiro-dienas-bizness","status":"publish","type":"post","link":"https:\/\/www.europesays.com\/lv\/59868\/","title":{"rendered":"Valsts bud\u017eeta izdevumus vid\u0113j\u0101 termi\u0146\u0101 pl\u0101nots samazin\u0101t par 844 miljoniem eiro :: Dienas Bizness"},"content":{"rendered":"<p class=\"text-font font-size--text-xlarge margin-3--bottom font-weight--bold padding-1--top\">Vid\u0113j\u0101 termi\u0146\u0101 &#8211; no 2026. l\u012bdz 2028. gadam &#8211; valsts bud\u017eeta izdevumus pl\u0101nots samazin\u0101t par 844,1 miljonu eiro, ko nodro\u0161ina izdevumu p\u0101rskat\u012b\u0161ana un optimiz\u0101cijas pas\u0101kumi, inform\u0113ja Finan\u0161u ministrij\u0101 (FM).<\/p>\n<p class=\"text-font font-size--text-xlarge margin-3--bottom\">P\u0101rskatot n\u0101kam\u0101 gada bud\u017eetu, valsts par\u0101da vad\u012bbas poz\u012bcija uz otro las\u012bjumu samazin\u0101ta papildus par 10 miljoniem eiro katru gadu, tr\u012bs gados kop\u0101 veidojot 30 miljonu eiro ietaup\u012bjumu, un tas papildina kop\u0113jo konsolid\u0101ciju, inform\u0113 FM.<\/p>\n<p class=\"text-font font-size--text-xlarge margin-3--bottom\">Valsts bud\u017eeta izdevumu samazin\u0101jums vid\u0113j\u0101 termi\u0146\u0101 veidojas pak\u0101peniski. Attiec\u012bgi 2026. gad\u0101 izdevumi tiks samazin\u0101ti par 243,4 miljoniem eiro, 2027. gad\u0101 &#8211; par 304,6 miljoniem eiro un 2028. gad\u0101 &#8211; par 296,1 miljonu eiro.<\/p>\n<p class=\"text-font font-size--text-xlarge margin-3--bottom\">Tostarp n\u0101kamgad bud\u017eeta b\u0101zes izdevumu samazin\u0101jums ir 50 miljonu eiro apm\u0113r\u0101, nozaru ministrijas identific\u0113ju\u0161as un samazin\u0101ju\u0161as izdevumus par 181 miljonu eiro, bet v\u0113l 12,4 miljonus ir izdevies ietaup\u012bt, gatavojot bud\u017eeta likumprojektu.<\/p>\n<p class=\"text-font font-size--text-xlarge margin-3--bottom\">T\u0101d\u0113j\u0101di kopum\u0101 izdevumu samazin\u0101jums \u0161ajos tr\u012bs gados veido 844,1 miljonu eiro, kas ir novirz\u012bti vald\u012bbas noteikto priorit\u0101\u0161u finans\u0113\u0161anai, skaidro FM.<\/p>\n<p class=\"text-font font-size--text-xlarge margin-3--bottom\">Par 2026. gada galvenaj\u0101m priorit\u0101t\u0113m noteikta valsts dro\u0161\u012bba, vesel\u012bba, atbalsts \u0123imen\u0113m ar b\u0113rniem un kvalitat\u012bva izgl\u012bt\u012bba, \u0161\u012bm jom\u0101m paredzot papildu aptuveni 700 miljonus eiro.<\/p>\n<p class=\"text-font font-size--text-xlarge margin-3--bottom\">FM skaidro, ka valsts dro\u0161\u012bbas stiprin\u0101\u0161anai n\u0101kamgad pl\u0101nots novirz\u012bt 448,3 miljonus eiro, kas ietver ieguld\u012bjumus milit\u0101raj\u0101s sp\u0113j\u0101s, iek\u0161\u0113j\u0101 dro\u0161\u012bb\u0101 un kiberdro\u0161\u012bb\u0101, ekip\u0113juma un tehnikas ieg\u0101d\u0113, karav\u012bru un zemessargu apm\u0101c\u012bb\u0101, pretmobilit\u0101tes un robe\u017eas aizsardz\u012bbas sist\u0113mu izb\u016bv\u0113, k\u0101 ar\u012b aizsardz\u012bbas industrijas att\u012bst\u012bb\u0101 un atbalst\u0101 pierobe\u017eas pa\u0161vald\u012bb\u0101m.<\/p>\n<p class=\"text-font font-size--text-xlarge margin-3--bottom\">Savuk\u0101rt papildu finans\u0113jums 94,8 miljonu eiro apm\u0113r\u0101 2026. gad\u0101 paredz\u0113ts, lai stiprin\u0101tu atbalstu \u0123imen\u0113m ar b\u0113rniem, pilnveidotu materi\u0101lo atbalstu \u0101rpus\u0123imenes apr\u016bp\u0113 eso\u0161iem b\u0113rniem, k\u0101 ar\u012b stiprin\u0101tu vesel\u012bbas apr\u016bpi. L\u012bdz 600 eiro no l\u012bdz\u0161in\u0113j\u0101 421,17 eiro n\u0101kamgad paredz\u0113ts palielin\u0101t b\u0113rna piedzim\u0161anas pabalstu, un b\u0113rna kop\u0161anas pabalsts no l\u012bdz\u0161in\u0113j\u0101 171 eiro m\u0113nes\u012b pieaugs l\u012bdz 298 eiro.<\/p>\n<p class=\"text-font font-size--text-xlarge margin-3--bottom\">Palielin\u0101t pl\u0101nots ar\u012b atbalstu aizbild\u0146iem un adopt\u0113t\u0101jiem, tostarp atl\u012bdz\u012bbu aizbild\u0146iem &#8211; no l\u012bdz\u0161in\u0113jiem 54,07 eiro m\u0113nes\u012b l\u012bdz 298 eiro m\u0113nes\u012b, un vienreiz\u0113jo atl\u012bdz\u012bbu par b\u0113rna adopciju &#8211; no l\u012bdz\u0161in\u0113jiem 1422,87 eiro l\u012bdz 2433 eiro. No valsts bud\u017eeta soci\u0101li apdro\u0161in\u0101t paredz\u0113ts b\u0113rnu aizbild\u0146us, kuri nestr\u0101d\u0101.<\/p>\n<p class=\"text-font font-size--text-xlarge margin-3--bottom\">Vesel\u012bbas jom\u0101 papildu l\u012bdzek\u013ci paredz\u0113ti, lai papla\u0161in\u0101tu valsts apmaks\u0101tos ambulatoros un stacion\u0101ros pakalpojumus un uzlabotu z\u0101\u013cu pieejam\u012bbu. FM inform\u0113, ka tiks papla\u0161in\u0101tas kompens\u0113jamo medikamentu iesp\u0113jas, ieviesta farmaceita pakalpojuma maksas kompens\u0101cija recep\u0161u z\u0101l\u0113m l\u012bdz 10 eiro, k\u0101 ar\u012b 1. grupas inval\u012bdi tiks atbr\u012bvoti no \u0161\u012bs maksas.<\/p>\n<p class=\"text-font font-size--text-xlarge margin-3--bottom\">T\u0101pat finans\u0113jums paredz\u0113ts m\u0101tes un b\u0113rna vesel\u012bbas apr\u016bpei un \u0123imenes pl\u0101no\u0161anas pakalpojumiem, agr\u012bnai diagnostikai un \u0101rst\u0113\u0161anai, k\u0101 ar\u012b paliat\u012bv\u0101s apr\u016bpes pieejam\u012bbas papla\u0161in\u0101\u0161anai, tostarp nodro\u0161inot apr\u016bpi pacienta dz\u012bvesviet\u0101. Papildus paredz\u0113ts ar\u012b stiprin\u0101t lauku \u0123imenes \u0101rstu darbu.<\/p>\n<p class=\"text-font font-size--text-xlarge margin-3--bottom\">Lai nodro\u0161in\u0101tu kvalitat\u012bvas izgl\u012bt\u012bbas pieejam\u012bbu visiem b\u0113rniem Latvij\u0101 neatkar\u012bgi no dz\u012bvesvietas vai skolas lieluma, papildu finans\u0113jums paredz\u0113ts ar\u012b izgl\u012bt\u012bbas jomai. Papildu l\u012bdzek\u013ci 45 miljonu eiro apm\u0113r\u0101 pl\u0101noti jaun\u0101 pedagogu darba samaksas finans\u0113\u0161anas mode\u013ca &#8220;Programma skol\u0101&#8221; ievie\u0161anai, tostarp ar\u012b pedagogu atbalsta person\u0101lam.<\/p>\n<p class=\"text-font font-size--text-xlarge margin-3--bottom\">T\u0101pat n\u0101kam\u0101 gada valsts bud\u017eeta projekt\u0101 ir paredz\u0113ts papildu atbalsts citiem pas\u0101kumiem, tostarp atbalsts paredz\u0113ts lauksaimniekiem, lai veicin\u0101tu nozares konkur\u0113tsp\u0113ju un nodro\u0161in\u0101tu kvalitat\u012bvu viet\u0113jo p\u0101rtikas produktu pieejam\u012bbu iedz\u012bvot\u0101jiem. Papildu finans\u0113jums ar\u012b pl\u0101nots, lai skol\u0101s nodro\u0161in\u0101tu vesel\u012bgas malt\u012btes no viet\u0113jiem produktiem.<\/p>\n<p class=\"text-font font-size--text-xlarge margin-3--bottom\">Darbasp\u0113ka jom\u0101, turpinot iepriek\u0161 s\u0101kt\u0101s izmai\u0146as, n\u0101kamgad pl\u0101nots par 40 eiro palielin\u0101t ar ien\u0101kuma nodokli neapliekamo minimumu, sasniedzot 550 eiro m\u0113nes\u012b. Savuk\u0101rt minim\u0101l\u0101 alga no l\u012bdz\u0161in\u0113jiem 740 eiro palielin\u0101sies l\u012bdz 780 eiro.<\/p>\n<p class=\"text-font font-size--text-xlarge margin-3--bottom\">Jau zi\u0146ots, ka tre\u0161dien, 26. novembr\u012b, Saeimas Bud\u017eeta un finan\u0161u (nodok\u013cu) komisija nosl\u0113dza darbu pie 2026. gada valsts bud\u017eeta un vid\u0113j\u0101 termi\u0146a bud\u017eeta ietvara, nolemjot to virz\u012bt izskat\u012b\u0161anai Saeim\u0101 gal\u012bgaj\u0101 las\u012bjum\u0101. Bud\u017eeta paket\u0113 iek\u013cauti ar\u012b 47 ar bud\u017eetu saist\u012bti likumprojekti.<\/p>\n<p class=\"text-font font-size--text-xlarge margin-3--bottom\">N\u0101kamgad konsolid\u0113t\u0101 valsts bud\u017eeta ie\u0146\u0113mumi pl\u0101noti 16,1 miljarda eiro, bet izdevumi &#8211; 17,9 miljardu eiro apm\u0113r\u0101. Par bud\u017eeta projektu gal\u012bgaj\u0101 las\u012bjum\u0101 Saeima pl\u0101no s\u0101kt lemt 3. decembr\u012b.<\/p>\n","protected":false},"excerpt":{"rendered":"Vid\u0113j\u0101 termi\u0146\u0101 &#8211; no 2026. l\u012bdz 2028. gadam &#8211; valsts bud\u017eeta izdevumus pl\u0101nots samazin\u0101t par 844,1 miljonu eiro,&hellip;\n","protected":false},"author":2,"featured_media":59869,"comment_status":"","ping_status":"","sticky":false,"template":"","format":"standard","meta":{"footnotes":""},"categories":[12],"tags":[23,869,77,870,28,29,867,32,33,22,30,31,35,39,38,36,37,34,871,868,40,20,26,27,24,25,21],"class_list":{"0":"post-59868","1":"post","2":"type-post","3":"status-publish","4":"format-standard","5":"has-post-thumbnail","7":"category-latvija","8":"tag-aktualitates","9":"tag-biznesa-zinas","10":"tag-bizness","11":"tag-bizness-latvija","12":"tag-breaking-news","13":"tag-breakingnews","14":"tag-dienas-zinas","15":"tag-featured-news","16":"tag-featurednews","17":"tag-headlines","18":"tag-latest-news","19":"tag-latestnews","20":"tag-latvia","21":"tag-latvian","22":"tag-latviesu","23":"tag-latviesu-valoda","24":"tag-latviesuvaloda","25":"tag-latvija","26":"tag-latvijas-biznesa-zinas","27":"tag-latvijas-zinas","28":"tag-lv","29":"tag-news","30":"tag-popularakas-zinas","31":"tag-popularakaszinas","32":"tag-top-stories","33":"tag-topstories","34":"tag-zinas"},"share_on_mastodon":{"url":"https:\/\/pubeurope.com\/@lv\/115622070407183050","error":""},"_links":{"self":[{"href":"https:\/\/www.europesays.com\/lv\/wp-json\/wp\/v2\/posts\/59868","targetHints":{"allow":["GET"]}}],"collection":[{"href":"https:\/\/www.europesays.com\/lv\/wp-json\/wp\/v2\/posts"}],"about":[{"href":"https:\/\/www.europesays.com\/lv\/wp-json\/wp\/v2\/types\/post"}],"author":[{"embeddable":true,"href":"https:\/\/www.europesays.com\/lv\/wp-json\/wp\/v2\/users\/2"}],"replies":[{"embeddable":true,"href":"https:\/\/www.europesays.com\/lv\/wp-json\/wp\/v2\/comments?post=59868"}],"version-history":[{"count":0,"href":"https:\/\/www.europesays.com\/lv\/wp-json\/wp\/v2\/posts\/59868\/revisions"}],"wp:featuredmedia":[{"embeddable":true,"href":"https:\/\/www.europesays.com\/lv\/wp-json\/wp\/v2\/media\/59869"}],"wp:attachment":[{"href":"https:\/\/www.europesays.com\/lv\/wp-json\/wp\/v2\/media?parent=59868"}],"wp:term":[{"taxonomy":"category","embeddable":true,"href":"https:\/\/www.europesays.com\/lv\/wp-json\/wp\/v2\/categories?post=59868"},{"taxonomy":"post_tag","embeddable":true,"href":"https:\/\/www.europesays.com\/lv\/wp-json\/wp\/v2\/tags?post=59868"}],"curies":[{"name":"wp","href":"https:\/\/api.w.org\/{rel}","templated":true}]}}