{"id":59870,"date":"2025-11-27T14:17:08","date_gmt":"2025-11-27T14:17:08","guid":{"rendered":"https:\/\/www.europesays.com\/lv\/59870\/"},"modified":"2025-11-27T14:17:08","modified_gmt":"2025-11-27T14:17:08","slug":"valsts-budzeta-izdevumus-videja-termina-planots-samazinat-par-844-miljoniem-eiro","status":"publish","type":"post","link":"https:\/\/www.europesays.com\/lv\/59870\/","title":{"rendered":"Valsts bud\u017eeta izdevumus vid\u0113j\u0101 termi\u0146\u0101 pl\u0101nots samazin\u0101t par 844 miljoniem eiro"},"content":{"rendered":"<p>Vesel\u012bbas jom\u0101 papildu l\u012bdzek\u013ci paredz\u0113ti, lai papla\u0161in\u0101tu valsts apmaks\u0101tos ambulatoros un stacion\u0101ros pakalpojumus un uzlabotu z\u0101\u013cu pieejam\u012bbu. FM inform\u0113, ka tiks papla\u0161in\u0101tas kompens\u0113jamo medikamentu iesp\u0113jas, ieviesta farmaceita pakalpojuma maksas kompens\u0101cija recep\u0161u z\u0101l\u0113m l\u012bdz 10 eiro, k\u0101 ar\u012b 1. grupas inval\u012bdi tiks atbr\u012bvoti no \u0161\u012bs maksas.<\/p>\n<p>T\u0101pat finans\u0113jums paredz\u0113ts m\u0101tes un b\u0113rna vesel\u012bbas apr\u016bpei un \u0123imenes pl\u0101no\u0161anas pakalpojumiem, agr\u012bnai diagnostikai un \u0101rst\u0113\u0161anai, k\u0101 ar\u012b paliat\u012bv\u0101s apr\u016bpes pieejam\u012bbas papla\u0161in\u0101\u0161anai, tostarp nodro\u0161inot apr\u016bpi pacienta dz\u012bvesviet\u0101. Papildus paredz\u0113ts ar\u012b stiprin\u0101t lauku \u0123imenes \u0101rstu darbu.<\/p>\n<p>Lai nodro\u0161in\u0101tu kvalitat\u012bvas izgl\u012bt\u012bbas pieejam\u012bbu visiem b\u0113rniem Latvij\u0101 neatkar\u012bgi no dz\u012bvesvietas vai skolas lieluma, papildu finans\u0113jums paredz\u0113ts ar\u012b izgl\u012bt\u012bbas jomai. Papildu l\u012bdzek\u013ci 45 miljonu eiro apm\u0113r\u0101 pl\u0101noti jaun\u0101 pedagogu darba samaksas finans\u0113\u0161anas mode\u013ca &#8220;Programma skol\u0101&#8221; ievie\u0161anai, tostarp ar\u012b pedagogu atbalsta person\u0101lam.<\/p>\n<p>T\u0101pat n\u0101kam\u0101 gada valsts bud\u017eeta projekt\u0101 ir paredz\u0113ts papildu atbalsts citiem pas\u0101kumiem, tostarp atbalsts paredz\u0113ts lauksaimniekiem, lai veicin\u0101tu nozares konkur\u0113tsp\u0113ju un nodro\u0161in\u0101tu kvalitat\u012bvu viet\u0113jo p\u0101rtikas produktu pieejam\u012bbu iedz\u012bvot\u0101jiem. Papildu finans\u0113jums ar\u012b pl\u0101nots, lai skol\u0101s nodro\u0161in\u0101tu vesel\u012bgas malt\u012btes no viet\u0113jiem produktiem.<\/p>\n<p>Darbasp\u0113ka jom\u0101, turpinot iepriek\u0161 s\u0101kt\u0101s izmai\u0146as, n\u0101kamgad pl\u0101nots par 40 eiro palielin\u0101t ar ien\u0101kuma nodokli neapliekamo minimumu, sasniedzot 550 eiro m\u0113nes\u012b. Savuk\u0101rt minim\u0101l\u0101 alga no l\u012bdz\u0161in\u0113jiem 740 eiro palielin\u0101sies l\u012bdz 780 eiro.<\/p>\n<p>Jau zi\u0146ots, ka tre\u0161dien, 26. novembr\u012b, Saeimas Bud\u017eeta un finan\u0161u (nodok\u013cu) komisija nosl\u0113dza darbu pie 2026. gada valsts bud\u017eeta un vid\u0113j\u0101 termi\u0146a bud\u017eeta ietvara, nolemjot to virz\u012bt izskat\u012b\u0161anai Saeim\u0101 gal\u012bgaj\u0101 las\u012bjum\u0101. Bud\u017eeta paket\u0113 iek\u013cauti ar\u012b 47 ar bud\u017eetu saist\u012bti likumprojekti.<\/p>\n<p>N\u0101kamgad konsolid\u0113t\u0101 valsts bud\u017eeta ie\u0146\u0113mumi pl\u0101noti 16,1 miljarda eiro, bet izdevumi &#8211; 17,9 miljardu eiro apm\u0113r\u0101. Par bud\u017eeta projektu gal\u012bgaj\u0101 las\u012bjum\u0101 Saeima pl\u0101no s\u0101kt lemt 3. decembr\u012b.<\/p>\n","protected":false},"excerpt":{"rendered":"Vesel\u012bbas jom\u0101 papildu l\u012bdzek\u013ci paredz\u0113ti, lai papla\u0161in\u0101tu valsts apmaks\u0101tos ambulatoros un stacion\u0101ros pakalpojumus un uzlabotu z\u0101\u013cu pieejam\u012bbu. FM&hellip;\n","protected":false},"author":2,"featured_media":59871,"comment_status":"","ping_status":"","sticky":false,"template":"","format":"standard","meta":{"footnotes":""},"categories":[12],"tags":[23,28,29,32,33,22,30,31,35,39,38,36,37,34,40,20,26,27,24,25,331,21],"class_list":{"0":"post-59870","1":"post","2":"type-post","3":"status-publish","4":"format-standard","5":"has-post-thumbnail","7":"category-latvija","8":"tag-aktualitates","9":"tag-breaking-news","10":"tag-breakingnews","11":"tag-featured-news","12":"tag-featurednews","13":"tag-headlines","14":"tag-latest-news","15":"tag-latestnews","16":"tag-latvia","17":"tag-latvian","18":"tag-latviesu","19":"tag-latviesu-valoda","20":"tag-latviesuvaloda","21":"tag-latvija","22":"tag-lv","23":"tag-news","24":"tag-popularakas-zinas","25":"tag-popularakaszinas","26":"tag-top-stories","27":"tag-topstories","28":"tag-valsts-budzets","29":"tag-zinas"},"share_on_mastodon":{"url":"https:\/\/pubeurope.com\/@lv\/115622093988953226","error":""},"_links":{"self":[{"href":"https:\/\/www.europesays.com\/lv\/wp-json\/wp\/v2\/posts\/59870","targetHints":{"allow":["GET"]}}],"collection":[{"href":"https:\/\/www.europesays.com\/lv\/wp-json\/wp\/v2\/posts"}],"about":[{"href":"https:\/\/www.europesays.com\/lv\/wp-json\/wp\/v2\/types\/post"}],"author":[{"embeddable":true,"href":"https:\/\/www.europesays.com\/lv\/wp-json\/wp\/v2\/users\/2"}],"replies":[{"embeddable":true,"href":"https:\/\/www.europesays.com\/lv\/wp-json\/wp\/v2\/comments?post=59870"}],"version-history":[{"count":0,"href":"https:\/\/www.europesays.com\/lv\/wp-json\/wp\/v2\/posts\/59870\/revisions"}],"wp:featuredmedia":[{"embeddable":true,"href":"https:\/\/www.europesays.com\/lv\/wp-json\/wp\/v2\/media\/59871"}],"wp:attachment":[{"href":"https:\/\/www.europesays.com\/lv\/wp-json\/wp\/v2\/media?parent=59870"}],"wp:term":[{"taxonomy":"category","embeddable":true,"href":"https:\/\/www.europesays.com\/lv\/wp-json\/wp\/v2\/categories?post=59870"},{"taxonomy":"post_tag","embeddable":true,"href":"https:\/\/www.europesays.com\/lv\/wp-json\/wp\/v2\/tags?post=59870"}],"curies":[{"name":"wp","href":"https:\/\/api.w.org\/{rel}","templated":true}]}}