{"id":59924,"date":"2025-11-27T15:03:08","date_gmt":"2025-11-27T15:03:08","guid":{"rendered":"https:\/\/www.europesays.com\/lv\/59924\/"},"modified":"2025-11-27T15:03:08","modified_gmt":"2025-11-27T15:03:08","slug":"tesla-robotaxi-vai-uznemums-slepj-negadijumus-lente-lv","status":"publish","type":"post","link":"https:\/\/www.europesays.com\/lv\/59924\/","title":{"rendered":"Tesla Robotaxi: vai uz\u0146\u0113mums sl\u0113pj negad\u012bjumus?\u00a0\u2014\u00a0Lente.lv"},"content":{"rendered":"<p>Tesla m\u0113\u0123ina sl\u0113pt inform\u0101ciju par Robotaxi negad\u012bjumiem<\/p>\n<p>Nesenais Tesla Robotaxi servisa darb\u012bbas s\u0101kums Ostin\u0101, Teksas\u0101, kas norisin\u0101s jau otro m\u0113nesi ar relat\u012bvi nelielu automa\u0161\u012bnu parku, ir non\u0101cis uzman\u012bbas centr\u0101 saist\u012bb\u0101 ar trim negad\u012bjumiem. Saska\u0146\u0101 ar ASV Nacion\u0101l\u0101s ce\u013cu satiksmes dro\u0161\u012bbas administr\u0101cijas (NHTSA) pras\u012bb\u0101m, kas noteiktas ar Visp\u0101r\u012bgo r\u012bkojumu 2021-01 (SGO), automa\u0161\u012bnu ra\u017eot\u0101jiem ir oblig\u0101ti j\u0101zi\u0146o par jebkuriem negad\u012bjumiem, kas saist\u012bti ar vi\u0146u autonom\u0101s brauk\u0161anas sist\u0113m\u0101m vai uzlabotajiem vad\u012bt\u0101ja pal\u012bgsist\u0113mu komplektiem, piecu dienu laik\u0101 p\u0113c inform\u0101cijas sa\u0146em\u0161anas. Interesanti, ka iepriek\u0161 izskan\u0113jusi inform\u0101cija, ka Tesla iev\u0113rojami apsteidz konkurentus negad\u012bjumu skaita zi\u0146\u0101, kas saist\u012bti ar 2. l\u012bme\u0146a vad\u012bt\u0101ja pal\u012bgsist\u0113m\u0101m, fiks\u0113jot t\u016bksto\u0161iem gad\u012bjumu. Tom\u0113r l\u012bdz \u0161im uz\u0146\u0113mums nekad nav zi\u0146ojis par negad\u012bjumiem, kas saist\u012bti ar \u201cautomatiz\u0113to vad\u012bbas sist\u0113mu\u201d, jo t\u0101di risin\u0101jumi, kas atbilstu SAE 3.-5. l\u012bme\u0146iem, tai nebija.<\/p>\n<p>Robotaxi \u2014 jauna \u0113ra un jauni izaicin\u0101jumi<\/p>\n<p>Situ\u0101cija main\u012bj\u0101s ar Robotaxi servisa ierobe\u017eoto palai\u0161anu Ostin\u0101. Tie\u0161i \u0161\u012b projekta ietvaros Tesla pirmo reizi zi\u0146oja par trim negad\u012bjumiem, kuros bija iesaist\u012bta \u201cautomatiz\u0113t\u0101 vad\u012bbas sist\u0113ma\u201d. Visi \u0161ie incidenti notika j\u016blij\u0101, pirmaj\u0101 servisa darb\u012bbas m\u0113nes\u012b. Viens no negad\u012bjumiem rezult\u0113j\u0101s ar cietu\u0161u personu, ta\u010du Tesla \u0161o traumu kvalific\u0113ja k\u0101 \u201cnenoz\u012bm\u012bgu\u201d un t\u0101du, kas neprasa hospitaliz\u0101ciju. Svar\u012bgi uzsv\u0113rt, ka neviens no \u0161iem gad\u012bjumiem netiek izmekl\u0113ts no varas iest\u0101\u017eu puses, balstoties uz uz\u0146\u0113muma sniegtajiem datiem. Tiek l\u0113sts, ka j\u016blija beig\u0101s Tesla Ostin\u0101 izmantoja aptuveni 12 \u201cModel Y\u201d automa\u0161\u012bnas Robotaxi parka sast\u0101v\u0101. \u0160is serviss bija pieejams tikai \u0161auram lietot\u0101ju lokam \u2013 galvenok\u0101rt ietekm\u012bgiem cilv\u0113kiem un Tesla akcion\u0101riem, kuriem ir tie\u0161a interese par uz\u0146\u0113muma pozit\u012bvu publicit\u0101ti.<\/p>\n<p>Skaidr\u012bbas tr\u016bkums un sal\u012bdzin\u0101jums ar konkurentiem<\/p>\n<p>L\u012bdz\u012bgi k\u0101 zi\u0146ojumos par vad\u012bt\u0101ja pal\u012bgsist\u0113m\u0101m, ar\u012b \u0161aj\u0101 gad\u012bjum\u0101 Tesla cen\u0161as sl\u0113pt liel\u0101ko da\u013cu detaliz\u0113t\u0101s inform\u0101cijas. Kam\u0113r konkurenti, piem\u0113ram, Waymo, public\u0113 pla\u0161u inform\u0101ciju ar incidentu aprakstiem, Tesla piln\u012bb\u0101 redi\u0123\u0113 tekstu\u0101l\u0101s da\u013cas savos zi\u0146ojumos NHTSA. Tas padara gandr\u012bz neiesp\u0113jamu izprast notikumu kontekstu un nov\u0113rt\u0113t pa\u0161a autonom\u0101s vad\u012bbas sist\u0113mas atbild\u012bbas l\u012bmeni. J\u0101atz\u012bm\u0113, ka at\u0161\u0137ir\u012bb\u0101 no Waymo, Tesla Robotaxi joproj\u0101m izmanto \u201cdro\u0161\u012bbas kontrolieri\u201d, kas s\u0113\u017e priek\u0161\u0113j\u0101 s\u0113dekl\u012b un tur roku uz av\u0101rijas aptur\u0113\u0161anas pogas, gatavs jebkur\u0101 br\u012bd\u012b aptur\u0113t automa\u0161\u012bnu. Neskatoties uz \u0161o pas\u0101kumu, negad\u012bjumi joproj\u0101m notiek. Tesla izpilddirektors Ilons Masks ir sol\u012bjis likvid\u0113t \u201cdro\u0161\u012bbas kontroliera\u201d nepiecie\u0161am\u012bbu l\u012bdz gada beig\u0101m un \u012bstenot sol\u012bjumu par \u201cpiln\u012bgu pa\u0161vad\u0101m\u012bbu\u201d klientiem. Tom\u0113r vi\u0146\u0161 nekad nav sniedzis datus, kas pier\u0101d\u012btu sist\u0113mas pietiekamu uzticam\u012bbu \u0161\u0101dam solim. Papildus tam, NHTSA veic savu izmekl\u0113\u0161anu par iesp\u0113jamu Tesla k\u013c\u016bdainu zi\u0146o\u0161anu par negad\u012bjumiem savos datos.<\/p>\n","protected":false},"excerpt":{"rendered":"Tesla m\u0113\u0123ina sl\u0113pt inform\u0101ciju par Robotaxi negad\u012bjumiem Nesenais Tesla Robotaxi servisa darb\u012bbas s\u0101kums Ostin\u0101, Teksas\u0101, kas norisin\u0101s jau&hellip;\n","protected":false},"author":2,"featured_media":59925,"comment_status":"","ping_status":"","sticky":false,"template":"","format":"standard","meta":{"footnotes":""},"categories":[16],"tags":[220,77,76,35,39,38,36,37,34,40,13566,219,15883,81],"class_list":{"0":"post-59924","1":"post","2":"type-post","3":"status-publish","4":"format-standard","5":"has-post-thumbnail","7":"category-bizness","8":"tag-autonoma-brauksana","9":"tag-bizness","10":"tag-business","11":"tag-latvia","12":"tag-latvian","13":"tag-latviesu","14":"tag-latviesu-valoda","15":"tag-latviesuvaloda","16":"tag-latvija","17":"tag-lv","18":"tag-negadijumi","19":"tag-nhtsa","20":"tag-robotaxi","21":"tag-tesla"},"share_on_mastodon":{"url":"https:\/\/pubeurope.com\/@lv\/115622274876996491","error":""},"_links":{"self":[{"href":"https:\/\/www.europesays.com\/lv\/wp-json\/wp\/v2\/posts\/59924","targetHints":{"allow":["GET"]}}],"collection":[{"href":"https:\/\/www.europesays.com\/lv\/wp-json\/wp\/v2\/posts"}],"about":[{"href":"https:\/\/www.europesays.com\/lv\/wp-json\/wp\/v2\/types\/post"}],"author":[{"embeddable":true,"href":"https:\/\/www.europesays.com\/lv\/wp-json\/wp\/v2\/users\/2"}],"replies":[{"embeddable":true,"href":"https:\/\/www.europesays.com\/lv\/wp-json\/wp\/v2\/comments?post=59924"}],"version-history":[{"count":0,"href":"https:\/\/www.europesays.com\/lv\/wp-json\/wp\/v2\/posts\/59924\/revisions"}],"wp:featuredmedia":[{"embeddable":true,"href":"https:\/\/www.europesays.com\/lv\/wp-json\/wp\/v2\/media\/59925"}],"wp:attachment":[{"href":"https:\/\/www.europesays.com\/lv\/wp-json\/wp\/v2\/media?parent=59924"}],"wp:term":[{"taxonomy":"category","embeddable":true,"href":"https:\/\/www.europesays.com\/lv\/wp-json\/wp\/v2\/categories?post=59924"},{"taxonomy":"post_tag","embeddable":true,"href":"https:\/\/www.europesays.com\/lv\/wp-json\/wp\/v2\/tags?post=59924"}],"curies":[{"name":"wp","href":"https:\/\/api.w.org\/{rel}","templated":true}]}}