{"id":59928,"date":"2025-11-27T15:06:13","date_gmt":"2025-11-27T15:06:13","guid":{"rendered":"https:\/\/www.europesays.com\/lv\/59928\/"},"modified":"2025-11-27T15:06:13","modified_gmt":"2025-11-27T15:06:13","slug":"jekabpils-novada-pasvaldibas-policijas-riciba-nonacis-moderns-drons-jekabpils-laiks-jekabpils-zinas","status":"publish","type":"post","link":"https:\/\/www.europesays.com\/lv\/59928\/","title":{"rendered":"J\u0113kabpils novada pa\u0161vald\u012bbas policijas r\u012bc\u012bb\u0101 non\u0101cis moderns drons \/ J\u0113kabpils Laiks: J\u0113kabpils zi\u0146as"},"content":{"rendered":"<p>Ar Zivju fonda atbalstu J\u0113kabpils novada pa\u0161vald\u012bbas policijai ir ieg\u0101d\u0101ts bezpilota lidapar\u0101ts DJI Mavic 4 Pro, kas pal\u012bdz\u0113s policijas darbam k\u013c\u016bt v\u0113l prec\u012bz\u0101kam un operat\u012bv\u0101kam. 26.novembr\u012b SIA \u201cBaltic Drone Group\u201d veica apm\u0101c\u012bbas asto\u0146iem pa\u0161vald\u012bbas policijas darbiniekiem, kuri ieg\u016bs bezpilota lidapar\u0101ta vad\u012b\u0161anas at\u013cauju.<\/p>\n<p>Pa\u0161vald\u012bbas policijas darb\u0101 drons tiks izmantots:<\/p>\n<ul>&#13;<\/p>\n<li>Sabiedrisk\u0101s k\u0101rt\u012bbas uzraudz\u012bbas jom\u0101 \u2013 apsekojot lielas teritorijas, piem\u0113ram, parkus, pas\u0101kumu vietas vai pils\u0113tas centrus, tie nodro\u0161ina re\u0101llaika video, kas pal\u012bdz \u0101tri paman\u012bt p\u0101rk\u0101pumus vai b\u012bstamas situ\u0101cijas;<\/li>\n<p>&#13;<\/p>\n<li>Mekl\u0113\u0161anas un gl\u0101b\u0161anas oper\u0101cij\u0101s \u2013 \u012bpa\u0161i noder\u012bgi mekl\u0113jot pazudu\u0161as personas me\u017eos, \u016bdenstilpju tuvum\u0101 vai gr\u016bti pieejam\u0101s viet\u0101s;<\/li>\n<p>&#13;<\/p>\n<li>Satiksmes uzraudz\u012bbas jom\u0101 \u2013 monitor\u0113jot sastr\u0113gumus, negad\u012bjumus vai nepareizu transportl\u012bdzek\u013cu novieto\u0161anu;<\/li>\n<p>&#13;<\/p>\n<li>Pier\u0101d\u012bjumu fiks\u0113\u0161an\u0101 \u2013 video un foto materi\u0101li no bezpilota lidapar\u0101ta var b\u016bt pier\u0101d\u012bjumi administrat\u012bvo p\u0101rk\u0101pumu liet\u0101s, \u012bpa\u0161i noder\u012bgi, ja notikums notiek pla\u0161\u0101 teritorij\u0101 vai gr\u016bti pieejam\u0101 viet\u0101;<\/li>\n<p>&#13;<\/p>\n<li>Dro\u0161\u012bbas uzraudz\u012bbai masu pas\u0101kumos \u2013 var uzraudz\u012bt p\u016b\u013ca kust\u012bbu, identific\u0113t riskus un pal\u012bdz\u0113t nov\u0113rst incidentus;<\/li>\n<p>&#13;<\/p>\n<li>Vides uzraudz\u012bbai \u2013 kontrole par neleg\u0101l\u0101m izg\u0101ztuv\u0113m, ugunsgr\u0113ku riskiem, pies\u0101r\u0146ojumu, \u0101tra inform\u0101cijas ieg\u016b\u0161ana par pl\u016bdiem vai citiem dabas apdraud\u0113jumiem.<\/li>\n<p>&#13;\n<\/ul>\n<p>Jaun\u0101 tehnolo\u0123ija uzlabos rea\u0123\u0113\u0161anas \u0101trumu un dro\u0161\u012bbu vis\u0101 J\u0113kabpils novad\u0101.<\/p>\n<p>Inform\u0101ciju sagatavoja J\u0113kabpils novada pa\u0161vald\u012bbas policija.<\/p>\n","protected":false},"excerpt":{"rendered":"Ar Zivju fonda atbalstu J\u0113kabpils novada pa\u0161vald\u012bbas policijai ir ieg\u0101d\u0101ts bezpilota lidapar\u0101ts DJI Mavic 4 Pro, kas pal\u012bdz\u0113s&hellip;\n","protected":false},"author":2,"featured_media":59929,"comment_status":"","ping_status":"","sticky":false,"template":"","format":"standard","meta":{"footnotes":""},"categories":[5],"tags":[23,28,29,32,33,22,987,986,30,31,35,39,38,36,37,34,40,20,26,27,24,25,21],"class_list":{"0":"post-59928","1":"post","2":"type-post","3":"status-publish","4":"format-standard","5":"has-post-thumbnail","7":"category-aktualitates","8":"tag-aktualitates","9":"tag-breaking-news","10":"tag-breakingnews","11":"tag-featured-news","12":"tag-featurednews","13":"tag-headlines","14":"tag-jekabpils-zinas","15":"tag-jekabpilslaiks","16":"tag-latest-news","17":"tag-latestnews","18":"tag-latvia","19":"tag-latvian","20":"tag-latviesu","21":"tag-latviesu-valoda","22":"tag-latviesuvaloda","23":"tag-latvija","24":"tag-lv","25":"tag-news","26":"tag-popularakas-zinas","27":"tag-popularakaszinas","28":"tag-top-stories","29":"tag-topstories","30":"tag-zinas"},"share_on_mastodon":{"url":"https:\/\/pubeurope.com\/@lv\/115622286661452681","error":""},"_links":{"self":[{"href":"https:\/\/www.europesays.com\/lv\/wp-json\/wp\/v2\/posts\/59928","targetHints":{"allow":["GET"]}}],"collection":[{"href":"https:\/\/www.europesays.com\/lv\/wp-json\/wp\/v2\/posts"}],"about":[{"href":"https:\/\/www.europesays.com\/lv\/wp-json\/wp\/v2\/types\/post"}],"author":[{"embeddable":true,"href":"https:\/\/www.europesays.com\/lv\/wp-json\/wp\/v2\/users\/2"}],"replies":[{"embeddable":true,"href":"https:\/\/www.europesays.com\/lv\/wp-json\/wp\/v2\/comments?post=59928"}],"version-history":[{"count":0,"href":"https:\/\/www.europesays.com\/lv\/wp-json\/wp\/v2\/posts\/59928\/revisions"}],"wp:featuredmedia":[{"embeddable":true,"href":"https:\/\/www.europesays.com\/lv\/wp-json\/wp\/v2\/media\/59929"}],"wp:attachment":[{"href":"https:\/\/www.europesays.com\/lv\/wp-json\/wp\/v2\/media?parent=59928"}],"wp:term":[{"taxonomy":"category","embeddable":true,"href":"https:\/\/www.europesays.com\/lv\/wp-json\/wp\/v2\/categories?post=59928"},{"taxonomy":"post_tag","embeddable":true,"href":"https:\/\/www.europesays.com\/lv\/wp-json\/wp\/v2\/tags?post=59928"}],"curies":[{"name":"wp","href":"https:\/\/api.w.org\/{rel}","templated":true}]}}