{"id":59950,"date":"2025-11-27T15:48:35","date_gmt":"2025-11-27T15:48:35","guid":{"rendered":"https:\/\/www.europesays.com\/lv\/59950\/"},"modified":"2025-11-27T15:48:35","modified_gmt":"2025-11-27T15:48:35","slug":"jurmalas-pasvaldiba-pieskirs-naudas-balvas-pasaules-cempionei-tinai-graudinai-un-trenerim-mihailam-samoilovam","status":"publish","type":"post","link":"https:\/\/www.europesays.com\/lv\/59950\/","title":{"rendered":"J\u016brmalas pa\u0161vald\u012bba pie\u0161\u0137irs naudas balvas pasaules \u010dempionei T\u012bnai Graudi\u0146ai un trenerim Mihailam Samoilovam"},"content":{"rendered":"<p>Ceturtdien J\u016brmalas domes s\u0113d\u0113 lems par naudas balvas pie\u0161\u0137ir\u0161anu j\u016brmalniekiem T\u012bnai Graudi\u0146ai un vi\u0146as trenerim Mihailam Samoilovam par v\u0113sturisku pan\u0101kumu \u2013 pasaules \u010dempionu titula izc\u012bn\u012b\u0161anu pludmales volejbol\u0101.<\/p>\n<p>Sportistei paredz\u0113ts pie\u0161\u0137irt naudas balvu 5700 eiro apm\u0113r\u0101 p\u0113c nodok\u013cu nomaksas, bet trenerim \u2013 2850 eiro apm\u0113r\u0101 p\u0113c nodok\u013cu nomaksas, inform\u0113ja pa\u0161vald\u012bb\u0101.<\/p>\n<p>Naudas balvas tiek pie\u0161\u0137irtas saska\u0146\u0101 ar J\u016brmalas pils\u0113tas domes nolikumu Nr. 7 \u201cNaudas balvas par izciliem sasniegumiem sport\u0101 un kult\u016br\u0101 pie\u0161\u0137ir\u0161anas k\u0101rt\u012bba un apm\u0113rs\u201d, kas nosaka k\u0101rt\u012bbu un apm\u0113ru, k\u0101d\u0101 J\u016brmalas valstspils\u0113tas pa\u0161vald\u012bba pie\u0161\u0137ir naudas balvas J\u016brmalas sportistiem un vi\u0146u treneriem, kuru deklar\u0113t\u0101 dz\u012bvesvieta ir J\u016brmalas pa\u0161vald\u012bba.<\/p>\n<p>K\u0101 zin\u0101ms, T\u012bna Graudi\u0146a p\u0101r\u012b ar Anastasiju Samoilovu sv\u0113tdien Austr\u0101lijas pils\u0113t\u0101 Adelaid\u0113 izc\u012bn\u012bja nebiju\u0161u pan\u0101kumu Latvijas pludmales volejbola v\u0113stur\u0113 \u2013 zelta meda\u013cas pasaules \u010dempion\u0101t\u0101, fin\u0101l\u0101 ar 2:1 (21:15, 15:21, 15:11) p\u0101rsp\u0113jot amerik\u0101nietes Kristenu Nasu un Terinu Bre\u0161eri.<\/p>\n","protected":false},"excerpt":{"rendered":"Ceturtdien J\u016brmalas domes s\u0113d\u0113 lems par naudas balvas pie\u0161\u0137ir\u0161anu j\u016brmalniekiem T\u012bnai Graudi\u0146ai un vi\u0146as trenerim Mihailam Samoilovam par&hellip;\n","protected":false},"author":2,"featured_media":59951,"comment_status":"","ping_status":"","sticky":false,"template":"","format":"standard","meta":{"footnotes":""},"categories":[5],"tags":[23,28,29,47,32,33,22,381,64,30,31,35,39,38,36,37,34,40,20,385,26,27,172,382,384,383,24,25,21],"class_list":{"0":"post-59950","1":"post","2":"type-post","3":"status-publish","4":"format-standard","5":"has-post-thumbnail","7":"category-aktualitates","8":"tag-aktualitates","9":"tag-breaking-news","10":"tag-breakingnews","11":"tag-ekonomika","12":"tag-featured-news","13":"tag-featurednews","14":"tag-headlines","15":"tag-jaunumi","16":"tag-kultura","17":"tag-latest-news","18":"tag-latestnews","19":"tag-latvia","20":"tag-latvian","21":"tag-latviesu","22":"tag-latviesu-valoda","23":"tag-latviesuvaloda","24":"tag-latvija","25":"tag-lv","26":"tag-news","27":"tag-pieriga","28":"tag-popularakas-zinas","29":"tag-popularakaszinas","30":"tag-riga","31":"tag-sabiedriba","32":"tag-sludinajumi","33":"tag-sports-afisa","34":"tag-top-stories","35":"tag-topstories","36":"tag-zinas"},"share_on_mastodon":{"url":"https:\/\/pubeurope.com\/@lv\/115622451823748689","error":""},"_links":{"self":[{"href":"https:\/\/www.europesays.com\/lv\/wp-json\/wp\/v2\/posts\/59950","targetHints":{"allow":["GET"]}}],"collection":[{"href":"https:\/\/www.europesays.com\/lv\/wp-json\/wp\/v2\/posts"}],"about":[{"href":"https:\/\/www.europesays.com\/lv\/wp-json\/wp\/v2\/types\/post"}],"author":[{"embeddable":true,"href":"https:\/\/www.europesays.com\/lv\/wp-json\/wp\/v2\/users\/2"}],"replies":[{"embeddable":true,"href":"https:\/\/www.europesays.com\/lv\/wp-json\/wp\/v2\/comments?post=59950"}],"version-history":[{"count":0,"href":"https:\/\/www.europesays.com\/lv\/wp-json\/wp\/v2\/posts\/59950\/revisions"}],"wp:featuredmedia":[{"embeddable":true,"href":"https:\/\/www.europesays.com\/lv\/wp-json\/wp\/v2\/media\/59951"}],"wp:attachment":[{"href":"https:\/\/www.europesays.com\/lv\/wp-json\/wp\/v2\/media?parent=59950"}],"wp:term":[{"taxonomy":"category","embeddable":true,"href":"https:\/\/www.europesays.com\/lv\/wp-json\/wp\/v2\/categories?post=59950"},{"taxonomy":"post_tag","embeddable":true,"href":"https:\/\/www.europesays.com\/lv\/wp-json\/wp\/v2\/tags?post=59950"}],"curies":[{"name":"wp","href":"https:\/\/api.w.org\/{rel}","templated":true}]}}