{"id":59954,"date":"2025-11-27T16:30:15","date_gmt":"2025-11-27T16:30:15","guid":{"rendered":"https:\/\/www.europesays.com\/lv\/59954\/"},"modified":"2025-11-27T16:30:15","modified_gmt":"2025-11-27T16:30:15","slug":"par-izciliem-sasniegumiem-izglitiba-skolenam-no-ukrainas-pieskir-latvijas-pilsonibu","status":"publish","type":"post","link":"https:\/\/www.europesays.com\/lv\/59954\/","title":{"rendered":"Par izciliem sasniegumiem izgl\u012bt\u012bb\u0101 skol\u0113nam no Ukrainas pie\u0161\u0137ir Latvijas pilson\u012bbu"},"content":{"rendered":"<p>Kargins Latvij\u0101 dz\u012bvo kop\u0161 2011. gada, absolv\u0113jis R\u012bgas 10. vidusskolu ar izcil\u012bbu un guvis iev\u0113rojamus pan\u0101kumus starptautiskaj\u0101s \u0137\u012bmijas olimpi\u0101d\u0113s, taj\u0101 p\u0101rst\u0101vot Latviju.<\/p>\n<p>Vi\u0146\u0161 izc\u012bn\u012bjis sudraba un bronzas meda\u013cas pasaules m\u0113roga sacens\u012bb\u0101s, sa\u0146\u0113mis atzin\u012bbas no valsts augst\u0101kaj\u0101m amatperson\u0101m un stipendiju &#8220;Simtgades izcilnieks&#8221;. Kargins akt\u012bvi iesaist\u012bjies Latvijas \u0137\u012bmijas izlases sagatavo\u0161an\u0101 un zin\u0101tniskaj\u0101 darb\u0101, teikts likumprojekta anot\u0101cij\u0101.<\/p>\n<p>Naturaliz\u0101cijas k\u0101rt\u012bb\u0101 pilson\u012bbu ieg\u016bt nav iesp\u0113jams, jo Kargins kop\u0161 2023. gada stud\u0113 Singap\u016bras Nanjangas Tehnolo\u0123iskaj\u0101 universit\u0101t\u0113 un neatbilst piecu gadu nep\u0101rtrauktas dz\u012bves Latvij\u0101 nosac\u012bjumam. Pilson\u012bbas un migr\u0101cijas lietu p\u0101rvalde (PMLP) atzinusi, ka nav \u0161\u0137\u0113r\u0161\u013cu pilson\u012bbas pie\u0161\u0137ir\u0161anai no dro\u0161\u012bbas vai tiesisk\u0101 viedok\u013ca.<\/p>\n<p>Saeimas Pilson\u012bbas, migr\u0101cijas un sabiedr\u012bbas salied\u0113t\u012bbas komisija uzsver, ka Kargina sasniegumi un ieguld\u012bjums Latvijas t\u0113la veido\u0161an\u0101 pasaul\u0113 ir pamats pilson\u012bbas pie\u0161\u0137ir\u0161anai ar \u012bpa\u0161u likumu.<\/p>\n","protected":false},"excerpt":{"rendered":"Kargins Latvij\u0101 dz\u012bvo kop\u0161 2011. gada, absolv\u0113jis R\u012bgas 10. vidusskolu ar izcil\u012bbu un guvis iev\u0113rojamus pan\u0101kumus starptautiskaj\u0101s \u0137\u012bmijas&hellip;\n","protected":false},"author":2,"featured_media":59955,"comment_status":"","ping_status":"","sticky":false,"template":"","format":"standard","meta":{"footnotes":""},"categories":[5],"tags":[23,63,65,28,29,60,32,33,59,22,70,64,30,31,35,39,38,36,37,34,40,68,20,26,27,69,66,67,24,25,62,21,61],"class_list":{"0":"post-59954","1":"post","2":"type-post","3":"status-publish","4":"format-standard","5":"has-post-thumbnail","7":"category-aktualitates","8":"tag-aktualitates","9":"tag-arvalstis","10":"tag-auto","11":"tag-breaking-news","12":"tag-breakingnews","13":"tag-egoiste","14":"tag-featured-news","15":"tag-featurednews","16":"tag-financenet","17":"tag-headlines","18":"tag-klik","19":"tag-kultura","20":"tag-latest-news","21":"tag-latestnews","22":"tag-latvia","23":"tag-latvian","24":"tag-latviesu","25":"tag-latviesu-valoda","26":"tag-latviesuvaloda","27":"tag-latvija","28":"tag-lv","29":"tag-maja","30":"tag-news","31":"tag-popularakas-zinas","32":"tag-popularakaszinas","33":"tag-receptes","34":"tag-sejas","35":"tag-sports","36":"tag-top-stories","37":"tag-topstories","38":"tag-viedokli","39":"tag-zinas","40":"tag-zinatne"},"share_on_mastodon":{"url":"https:\/\/pubeurope.com\/@lv\/115622616958607203","error":""},"_links":{"self":[{"href":"https:\/\/www.europesays.com\/lv\/wp-json\/wp\/v2\/posts\/59954","targetHints":{"allow":["GET"]}}],"collection":[{"href":"https:\/\/www.europesays.com\/lv\/wp-json\/wp\/v2\/posts"}],"about":[{"href":"https:\/\/www.europesays.com\/lv\/wp-json\/wp\/v2\/types\/post"}],"author":[{"embeddable":true,"href":"https:\/\/www.europesays.com\/lv\/wp-json\/wp\/v2\/users\/2"}],"replies":[{"embeddable":true,"href":"https:\/\/www.europesays.com\/lv\/wp-json\/wp\/v2\/comments?post=59954"}],"version-history":[{"count":0,"href":"https:\/\/www.europesays.com\/lv\/wp-json\/wp\/v2\/posts\/59954\/revisions"}],"wp:featuredmedia":[{"embeddable":true,"href":"https:\/\/www.europesays.com\/lv\/wp-json\/wp\/v2\/media\/59955"}],"wp:attachment":[{"href":"https:\/\/www.europesays.com\/lv\/wp-json\/wp\/v2\/media?parent=59954"}],"wp:term":[{"taxonomy":"category","embeddable":true,"href":"https:\/\/www.europesays.com\/lv\/wp-json\/wp\/v2\/categories?post=59954"},{"taxonomy":"post_tag","embeddable":true,"href":"https:\/\/www.europesays.com\/lv\/wp-json\/wp\/v2\/tags?post=59954"}],"curies":[{"name":"wp","href":"https:\/\/api.w.org\/{rel}","templated":true}]}}