{"id":59970,"date":"2025-11-27T16:55:17","date_gmt":"2025-11-27T16:55:17","guid":{"rendered":"https:\/\/www.europesays.com\/lv\/59970\/"},"modified":"2025-11-27T16:55:17","modified_gmt":"2025-11-27T16:55:17","slug":"juta-kupre-atklaj-pirmas-tiksanas-neveiklo-momentu-ar-viru-juri","status":"publish","type":"post","link":"https:\/\/www.europesays.com\/lv\/59970\/","title":{"rendered":"Juta Kupre atkl\u0101j pirm\u0101s tik\u0161an\u0101s neveiklo momentu ar v\u012bru Juri"},"content":{"rendered":"<p>Atceroties pirmo reizi, Juta st\u0101sta: &#8220;Es atceros, ka vi\u0146\u0161 bija \u0161ausm\u012bgi sakautr\u0113jies.&#8221; Pirm\u0101 tik\u0161an\u0101s bijusi \u0101rk\u0101rt\u012bgi sirsn\u012bgi neveikla, un tie\u0161i Juta bija t\u0101, kura uzdro\u0161in\u0101j\u0101s spert pirmo soli, jo Juris saglab\u0101ja absol\u016btu piekl\u0101j\u012bbu.<\/p>\n<blockquote class=\"quote ck-widget\" contenteditable=\"false\">\n<p>&#8220;Vi\u0146a teica \u2013 n\u0101c, nosk\u016bpsti mani,&#8221; atminas Juris. Juta skaidro, ka vi\u0146\u0161 nav v\u0113l\u0113jies neko sasteigt.<\/p>\n<\/blockquote>\n<p>Pirms trim gadiem p\u0101ris apprec\u0113j\u0101s. Atminoties bildin\u0101jumu, Juta atkl\u0101j, ka lielaj\u0101 dien\u0101 vi\u0146ai bijusi priek\u0161nojauta.<\/p>\n<p>&#8220;Vi\u0146\u0161 jau bija pajaut\u0101jis manu gredzena izm\u0113ru un zin\u0101ja, ka man pat\u012bk tas sajaukums &#8211; smaragds ar briljantiem.<\/p>\n<p><img decoding=\"async\" class=\"figure__image\" onclick=\"triggerEvent('articleImageClick', { id: 17301787, focus: 'single-image', focusIndex: '17301787' })\" onkeydown=\"if (event.key === 'Enter') {&#10;        triggerEvent('articleImageClick', { id: 17301787, focus: 'single-image', focusIndex: '17301787' })&#10;        }\" role=\"button\" tabindex=\"0\" data-focus-from=\"single-image\" data-focus-index=\"17301787\" src=\"https:\/\/www.europesays.com\/lv\/wp-content\/uploads\/2025\/11\/17301787t1h7080.png\" onload=\"this.parentElement.classList.remove('figure__image-loading')\" alt=\"Juta Kupre.\"\/>Juta Kupre. Foto: www.instagram.com\/jutakupre\/ekr\u0101nuz\u0146\u0113mums<\/p>\n<p>Vi\u0146\u0161 atbrauca todien m\u0101j\u0101s un teica, ka mums j\u0101aizved Ma\u010do pastaig\u0101ties uz pludmali. Vi\u0146\u0161 aizveda mani uz to pa\u0161u pludmali, kur pirmo reizi, kad es tikko biju atbraukusi.<\/p>\n<p>Vien\u0101 br\u012bd\u012b vi\u0146\u0161 pagriez\u0101s pret mani, izvilka kast\u012bti un pajaut\u0101ja &#8211; vai tu b\u016bsi mana uz m\u016b\u017eu?&#8221; Juta gan smejoties atz\u012bm\u0113, ka pietr\u016bcis nome\u0161an\u0101s uz viena ce\u013ca.<\/p>\n<p>Neilgi p\u0113c likten\u012bg\u0101 jaut\u0101juma Juris atkl\u0101jis, ka vi\u0146as vec\u0101ki par \u0161o soli biju\u0161i inform\u0113ti jau vismaz pusgadu. P\u0101ris jau aptuveni se\u0161us m\u0113ne\u0161us bija saderin\u0101ti, un, \u0146emot v\u0113r\u0101, ka Juta tolaik Amerik\u0101 uztur\u0113j\u0101s vie\u0161\u0146as status\u0101, apst\u0101k\u013ci spieda pie\u0146emt \u0101tru l\u0113mumu par k\u0101z\u0101m.<\/p>\n<p>Abi tagad ir \u013coti priec\u012bgi, ka viss izdev\u0101s tik \u0101tri. K\u0101zas bija nelielas, viesi taj\u0101s piedal\u012bj\u0101s gan kl\u0101tien\u0113, gan ar &#8221;Zoom&#8221; starpniec\u012bbu.<\/p>\n<p><script async src=\"\/\/www.instagram.com\/embed.js\"><\/script><\/p>\n","protected":false},"excerpt":{"rendered":"Atceroties pirmo reizi, Juta st\u0101sta: &#8220;Es atceros, ka vi\u0146\u0161 bija \u0161ausm\u012bgi sakautr\u0113jies.&#8221; Pirm\u0101 tik\u0161an\u0101s bijusi \u0101rk\u0101rt\u012bgi sirsn\u012bgi neveikla,&hellip;\n","protected":false},"author":2,"featured_media":59971,"comment_status":"","ping_status":"","sticky":false,"template":"","format":"standard","meta":{"footnotes":""},"categories":[19],"tags":[89,90,12957,35,39,38,36,37,34,40,9462],"class_list":{"0":"post-59970","1":"post","2":"type-post","3":"status-publish","4":"format-standard","5":"has-post-thumbnail","7":"category-izklaide","8":"tag-entertainment","9":"tag-izklaide","10":"tag-juta-kupre","11":"tag-latvia","12":"tag-latvian","13":"tag-latviesu","14":"tag-latviesu-valoda","15":"tag-latviesuvaloda","16":"tag-latvija","17":"tag-lv","18":"tag-sapnis-cita-amerika"},"share_on_mastodon":{"url":"https:\/\/pubeurope.com\/@lv\/115622715406467148","error":""},"_links":{"self":[{"href":"https:\/\/www.europesays.com\/lv\/wp-json\/wp\/v2\/posts\/59970","targetHints":{"allow":["GET"]}}],"collection":[{"href":"https:\/\/www.europesays.com\/lv\/wp-json\/wp\/v2\/posts"}],"about":[{"href":"https:\/\/www.europesays.com\/lv\/wp-json\/wp\/v2\/types\/post"}],"author":[{"embeddable":true,"href":"https:\/\/www.europesays.com\/lv\/wp-json\/wp\/v2\/users\/2"}],"replies":[{"embeddable":true,"href":"https:\/\/www.europesays.com\/lv\/wp-json\/wp\/v2\/comments?post=59970"}],"version-history":[{"count":0,"href":"https:\/\/www.europesays.com\/lv\/wp-json\/wp\/v2\/posts\/59970\/revisions"}],"wp:featuredmedia":[{"embeddable":true,"href":"https:\/\/www.europesays.com\/lv\/wp-json\/wp\/v2\/media\/59971"}],"wp:attachment":[{"href":"https:\/\/www.europesays.com\/lv\/wp-json\/wp\/v2\/media?parent=59970"}],"wp:term":[{"taxonomy":"category","embeddable":true,"href":"https:\/\/www.europesays.com\/lv\/wp-json\/wp\/v2\/categories?post=59970"},{"taxonomy":"post_tag","embeddable":true,"href":"https:\/\/www.europesays.com\/lv\/wp-json\/wp\/v2\/tags?post=59970"}],"curies":[{"name":"wp","href":"https:\/\/api.w.org\/{rel}","templated":true}]}}