{"id":59978,"date":"2025-11-27T17:13:28","date_gmt":"2025-11-27T17:13:28","guid":{"rendered":"https:\/\/www.europesays.com\/lv\/59978\/"},"modified":"2025-11-27T17:13:28","modified_gmt":"2025-11-27T17:13:28","slug":"17-gadu-laulibai-pielikts-punkts-lente-lv","status":"publish","type":"post","link":"https:\/\/www.europesays.com\/lv\/59978\/","title":{"rendered":"17 gadu laul\u012bbai pielikts punkts\u00a0\u2014\u00a0Lente.lv"},"content":{"rendered":"<p>Maira un J\u016blijas Brie\u017eu laul\u012bbai pielikts punkts p\u0113c 17 kopdz\u012bves gadiem<\/p>\n<p>Latvijas boksa slaven\u012bba un R\u012bgas domes deput\u0101ts Mairis Briedis piedz\u012bvo noz\u012bm\u012bgas p\u0101rmai\u0146as person\u012bgaj\u0101 dz\u012bv\u0113 \u2013 ir izjukusi vi\u0146a 17 gadus ilg\u0101 laul\u012bba ar J\u016bliju Briedi. \u0160\u012bs skumj\u0101s zi\u0146as apstiprin\u0101jusi pati J\u016blija, sniedzot koment\u0101rus izdevumam \u201cPriv\u0101t\u0101 Dz\u012bve\u201d.<\/p>\n<p>\u201cNegribu un nevaru neko koment\u0113t, jo m\u0113s esam parakst\u012bju\u0161i vieno\u0161anos par inform\u0101cijas neizpau\u0161anu, bet \u2013 j\u0101, m\u0113s iz\u0161\u0137\u012br\u0101mies,\u201d atkl\u0101jusi J\u016blija Briede. Lai gan p\u0101ris savulaik bie\u017ei kop\u0101 goz\u0113j\u0101s soci\u0101lajos t\u012bklos, tagad J\u016blija ir dz\u0113susi visas kop\u012bg\u0101s fotogr\u0101fijas un nomain\u012bjusi attiec\u012bbu statusu uz \u201c\u0161\u0137\u012brusies\u201d. Mairis Briedis no koment\u0101riem attur\u0113jies. <\/p>\n<p>J\u016blijas Brie\u017eas emocion\u0101lie izteikumi un s\u0101p\u012bg\u0101 pieredze<\/p>\n<p>Pirms ofici\u0101l\u0101 apstiprin\u0101juma J\u016blija soci\u0101lajos t\u012bklos public\u0113ja m\u012bklainus izteikumus, kas lika dom\u0101t par emocion\u0101lu kr\u012bzi attiec\u012bb\u0101s. Vi\u0146as skarbais v\u0113st\u012bjums, ka \u201cEs pametu narcisu, kur\u0161 mani nenov\u0113rt\u0113ja, main\u012bju darbu un p\u0101rst\u0101ju atvainoties ik uz so\u013ca. Ja nerisk\u0113\u0161u, ko es zaud\u0113\u0161u? Sevi!\u201d, rad\u012bja spriedzes pilnu atmosf\u0113ru un lika aizdom\u0101ties par attiec\u012bbu dinamiku.<\/p>\n<p>\u0160ie v\u0101rdi sniedz ieskatu dzi\u013c\u0101 emocion\u0101l\u0101 s\u0101p\u0113 un v\u0113lmi atbr\u012bvoties no iesp\u0113jamas toksiskas dinamikas. Termins \u201cnarciss\u201d attiec\u012bb\u0101s bie\u017ei vien tiek lietots, lai aprakst\u012btu personu ar p\u0101rm\u0113r\u012bgu pa\u0161v\u0113rt\u012bbu, neieciet\u012bbu pret citu viedokli un tendenci manipul\u0113t, kas nesp\u0113j sniegt emocion\u0101lu atbalstu un nepak\u0101pjas partnera vajadz\u012bb\u0101m, radot attiec\u012bb\u0101s disbalansu. <\/p>\n<p>17 gadu laul\u012bba un kop\u012bg\u0101 dz\u012bve<\/p>\n<p>Maira un J\u016blijas Brie\u017eu laul\u012bba ilga 17 gadus, un taj\u0101 pasaul\u0113 n\u0101ku\u0161i tr\u012bs d\u0113li. Jaun\u0101kais atvase piedzimis 2018. gad\u0101. Mairim Briedim ir ar\u012b divi d\u0113li no iepriek\u0161\u0113j\u0101m attiec\u012bb\u0101m \u2013 dv\u012b\u0146i Ri\u010dards Daniels un Deivids Kristaps, kuri dz\u012bvo ar m\u0101ti Lielbrit\u0101nij\u0101. Kop\u0161 2017. gada Briedis ir ar\u012b R\u012bgas domes deput\u0101ts.<\/p>\n<p>\u0160\u0137ir\u0161an\u0101s p\u0113c gandr\u012bz div\u0101m desmitgad\u0113m kop\u0101 ir smags p\u0101rdz\u012bvojums, ta\u010du J\u016blijas Brie\u017eas izteikumi par jaunu darbu un beigu\u0161os vajadz\u012bbu atvainoties liecina par v\u0113lmi p\u0113c neatkar\u012bbas un jauna s\u0101kuma. Ikviens cilv\u0113ks pelna laim\u012bgas un cie\u0146pilnas attiec\u012bbas, un cerams, ka abi partneri sp\u0113s atrast savu ce\u013cu uz \u0161o m\u0113r\u0137i.<\/p>\n","protected":false},"excerpt":{"rendered":"Maira un J\u016blijas Brie\u017eu laul\u012bbai pielikts punkts p\u0113c 17 kopdz\u012bves gadiem Latvijas boksa slaven\u012bba un R\u012bgas domes deput\u0101ts&hellip;\n","protected":false},"author":2,"featured_media":59979,"comment_status":"","ping_status":"","sticky":false,"template":"","format":"standard","meta":{"footnotes":""},"categories":[19],"tags":[15897,89,90,15894,35,39,38,36,37,34,15895,40,13309,15896],"class_list":{"0":"post-59978","1":"post","2":"type-post","3":"status-publish","4":"format-standard","5":"has-post-thumbnail","7":"category-izklaide","8":"tag-briezu-gimene","9":"tag-entertainment","10":"tag-izklaide","11":"tag-julija-briede","12":"tag-latvia","13":"tag-latvian","14":"tag-latviesu","15":"tag-latviesu-valoda","16":"tag-latviesuvaloda","17":"tag-latvija","18":"tag-laulibas-skirsana","19":"tag-lv","20":"tag-mairis-briedis","21":"tag-slavenibu-skirsanas"},"share_on_mastodon":{"url":"https:\/\/pubeurope.com\/@lv\/115622786007855766","error":""},"_links":{"self":[{"href":"https:\/\/www.europesays.com\/lv\/wp-json\/wp\/v2\/posts\/59978","targetHints":{"allow":["GET"]}}],"collection":[{"href":"https:\/\/www.europesays.com\/lv\/wp-json\/wp\/v2\/posts"}],"about":[{"href":"https:\/\/www.europesays.com\/lv\/wp-json\/wp\/v2\/types\/post"}],"author":[{"embeddable":true,"href":"https:\/\/www.europesays.com\/lv\/wp-json\/wp\/v2\/users\/2"}],"replies":[{"embeddable":true,"href":"https:\/\/www.europesays.com\/lv\/wp-json\/wp\/v2\/comments?post=59978"}],"version-history":[{"count":0,"href":"https:\/\/www.europesays.com\/lv\/wp-json\/wp\/v2\/posts\/59978\/revisions"}],"wp:featuredmedia":[{"embeddable":true,"href":"https:\/\/www.europesays.com\/lv\/wp-json\/wp\/v2\/media\/59979"}],"wp:attachment":[{"href":"https:\/\/www.europesays.com\/lv\/wp-json\/wp\/v2\/media?parent=59978"}],"wp:term":[{"taxonomy":"category","embeddable":true,"href":"https:\/\/www.europesays.com\/lv\/wp-json\/wp\/v2\/categories?post=59978"},{"taxonomy":"post_tag","embeddable":true,"href":"https:\/\/www.europesays.com\/lv\/wp-json\/wp\/v2\/tags?post=59978"}],"curies":[{"name":"wp","href":"https:\/\/api.w.org\/{rel}","templated":true}]}}