{"id":60011,"date":"2025-11-27T17:56:06","date_gmt":"2025-11-27T17:56:06","guid":{"rendered":"https:\/\/www.europesays.com\/lv\/60011\/"},"modified":"2025-11-27T17:56:06","modified_gmt":"2025-11-27T17:56:06","slug":"balinska-panthers-piekapjas-abola-flyers-silovs-un-merzlikins-rezerve-tvnet-sports","status":"publish","type":"post","link":"https:\/\/www.europesays.com\/lv\/60011\/","title":{"rendered":"Balinska &quot;Panthers&quot; piek\u0101pjas \u0100bola &quot;Flyers&quot;; \u0160ilovs un Merz\u013cikins rezerv\u0113 &#8211; TVNET Sports"},"content":{"rendered":"<ol>\n<li><a href=\"https:\/\/news.google.com\/rss\/articles\/CBMiowFBVV95cUxObnNqV2llNEtwV2RQMjZfT2xKMHZJbTdONGFNMHhtdExuMTktc1N6SFR3N04wMWtRVjZKUGpYS1hCcFNuSXVhaV9EQjM5clN1RkJXMkVaVnBISW85SnM0RFVmdF9TazJLR0lFQUMycmNyYlpha1VDVVVseW94ejV3SlEtNG1hRm9CX1NBbE82dG9CX0wzYy05UEZuc1NaM2EyOHZF?oc=5\" target=\"_blank\" rel=\"nofollow noopener\">Balinska &#8220;Panthers&#8221; piek\u0101pjas \u0100bola &#8220;Flyers&#8221;; \u0160ilovs un Merz\u013cikins rezerv\u0113<\/a>&nbsp;&nbsp;TVNET Sports<\/li>\n<li><a href=\"https:\/\/news.google.com\/rss\/articles\/CBMijwFBVV95cUxPdm1TZTQyTDdOSGRsSWU5RWNrVmZYZllUcGhNUURqdHVTczZFaGN0bU1DaS1SREY4NmIzZWlKNHB4UDNSb3Y2QWFpSkl0Rzgwb0U2TmM1cXlwdFBQQUZXRkFoeDlEQUZOcTdqUGlBZWJ0cTJwTmJSYkwwSkRoMDZHYndRN2tBNXJPUkRQVmUwbw?oc=5\" target=\"_blank\" rel=\"nofollow noopener\">\u0100bols g\u016bst pirmos v\u0101rtus sezon\u0101 un tiek atz\u012bts par sp\u0113les otro spo\u017e\u0101ko zvaigzni \u2013 Hokejs<\/a>&nbsp;&nbsp;Sportacentrs.com<\/li>\n<li><a href=\"https:\/\/news.google.com\/rss\/articles\/CBMisAFBVV95cUxPd0kzZk9NcWdJclQ5a1AtUUdLTF9JME5GMkNiTkk0UnBNZVN6aXFqYjRNcjVpNHVoRTNEVnp1TWVyMWtqTmNEdDNRUWRxMnBxdjlNQXZVRDB5eUF1enhqQl9CY011ZWtIbW1RbG11OGx5VUdNTXFlQW9MQ25hVkRpZFo3UjVBbHFELVdQalF5YmEtNnhlUjZIZExCMFVoVjdhQTVWWjVPaFlnMFc3SDdrUg?oc=5\" target=\"_blank\" rel=\"nofollow noopener\">Girgensons un Balinskis svin uzvaras NHL; Merz\u013cikins \u0161oreiz rezervists<\/a>&nbsp;&nbsp;Lente.lv<\/li>\n<li><a href=\"https:\/\/news.google.com\/rss\/articles\/CBMipAFBVV95cUxNbm9CZkhyV1pfUWZZbGQ0T0hjcnlMYkFlVk1mcnNJdFkyWEdBbE5zd3k5TFR3aHFHMUNDdmxQQW1IdHpwQ2RsaG8xS1dkaW11V2dOQlpWRWVCbk8yNXFadlY3M2xCVHRPQXlWOWg2UmFEVG5uWlM0M3dlSHI5SEZHT2ZFdXg3aUoxMjdNSDJUMEpzeDdwNmM0T0h1ZjNQdFgxZ3FMUQ?oc=5\" target=\"_blank\" rel=\"nofollow noopener\">Girgensonam divi sp\u0113ka pa\u0146\u0113mieni; \u0100bolam negat\u012bvs lietder\u012bbas koeficients<\/a>&nbsp;&nbsp;Apollo.lv<\/li>\n<li><a href=\"https:\/\/news.google.com\/rss\/articles\/CBMiyAFBVV95cUxOckZjLWl6ZE5hNHdnQXUtZVE0NUE1WDZFekdNZGw5MWlwbnk2S0M0T1N4Q3hqeDRpSk9yeEZyTllxQS1rTDdJd0ZTa29odFlYeUVKQ2l1MEE1TU42aDh1dHBMMElaWHRDLVJQcTdWWXBKdDZzajZGV0R0ZWRZQncyU0tHY2pVd0NkNUlvdml3Q19LNWFSS2JHc0RsN1ZKZXBTY29mYWI0Q29lakRHMUhJMC1iT0JQSF9OY01wRWR5UTlCSkw2bnUwSw?oc=5\" target=\"_blank\" rel=\"nofollow noopener\">Merz\u013cikins un \u0160ilovs paliek rezerv\u0113, Rodrigo \u0100bola &#8220;Flyers&#8221; apsp\u0113l\u0113 Balinski un eso\u0161o \u010dempioni<\/a>&nbsp;&nbsp;Jauns.lv<\/li>\n<\/ol>\n","protected":false},"excerpt":{"rendered":"Balinska &#8220;Panthers&#8221; piek\u0101pjas \u0100bola &#8220;Flyers&#8221;; \u0160ilovs un Merz\u013cikins rezerv\u0113&nbsp;&nbsp;TVNET Sports \u0100bols g\u016bst pirmos v\u0101rtus sezon\u0101 un tiek atz\u012bts&hellip;\n","protected":false},"author":2,"featured_media":60012,"comment_status":"","ping_status":"","sticky":false,"template":"","format":"standard","meta":{"footnotes":""},"categories":[17],"tags":[1185,1436,841,425,35,39,38,36,37,34,40,835,837,67],"class_list":{"0":"post-60011","1":"post","2":"type-post","3":"status-publish","4":"format-standard","5":"has-post-thumbnail","7":"category-sports","8":"tag-arturs-silovs","9":"tag-elvis-merzlikins","10":"tag-filadelfijas-flyers","11":"tag-floridas-panthers","12":"tag-latvia","13":"tag-latvian","14":"tag-latviesu","15":"tag-latviesu-valoda","16":"tag-latviesuvaloda","17":"tag-latvija","18":"tag-lv","19":"tag-nhl","20":"tag-rodrigo-abols","21":"tag-sports"},"share_on_mastodon":{"url":"https:\/\/pubeurope.com\/@lv\/115622955132547536","error":""},"_links":{"self":[{"href":"https:\/\/www.europesays.com\/lv\/wp-json\/wp\/v2\/posts\/60011","targetHints":{"allow":["GET"]}}],"collection":[{"href":"https:\/\/www.europesays.com\/lv\/wp-json\/wp\/v2\/posts"}],"about":[{"href":"https:\/\/www.europesays.com\/lv\/wp-json\/wp\/v2\/types\/post"}],"author":[{"embeddable":true,"href":"https:\/\/www.europesays.com\/lv\/wp-json\/wp\/v2\/users\/2"}],"replies":[{"embeddable":true,"href":"https:\/\/www.europesays.com\/lv\/wp-json\/wp\/v2\/comments?post=60011"}],"version-history":[{"count":0,"href":"https:\/\/www.europesays.com\/lv\/wp-json\/wp\/v2\/posts\/60011\/revisions"}],"wp:featuredmedia":[{"embeddable":true,"href":"https:\/\/www.europesays.com\/lv\/wp-json\/wp\/v2\/media\/60012"}],"wp:attachment":[{"href":"https:\/\/www.europesays.com\/lv\/wp-json\/wp\/v2\/media?parent=60011"}],"wp:term":[{"taxonomy":"category","embeddable":true,"href":"https:\/\/www.europesays.com\/lv\/wp-json\/wp\/v2\/categories?post=60011"},{"taxonomy":"post_tag","embeddable":true,"href":"https:\/\/www.europesays.com\/lv\/wp-json\/wp\/v2\/tags?post=60011"}],"curies":[{"name":"wp","href":"https:\/\/api.w.org\/{rel}","templated":true}]}}