{"id":60017,"date":"2025-11-27T18:02:08","date_gmt":"2025-11-27T18:02:08","guid":{"rendered":"https:\/\/www.europesays.com\/lv\/60017\/"},"modified":"2025-11-27T18:02:08","modified_gmt":"2025-11-27T18:02:08","slug":"dzudo-federacijas-prezidents-krievu-sportistu-pielaisana-sacensibam-zem-sava-karoga-ir-negaidita","status":"publish","type":"post","link":"https:\/\/www.europesays.com\/lv\/60017\/","title":{"rendered":"D\u017eudo feder\u0101cijas prezidents: Krievu sportistu pielai\u0161ana sacens\u012bb\u0101m zem sava karoga ir negaid\u012bta"},"content":{"rendered":"<p>Krievijas sportistu l\u012bdzdal\u012bba ir iesp\u0113jama, s\u0101kot ar Ab\u016b Dab\u012b \u201cGrand Slam\u201d turn\u012bru \u0161\u012bs ned\u0113\u013cas nogal\u0113.<\/p>\n<p>\u201cTas ir piln\u012bgi negaid\u012bti. M\u0113s par to pat nedom\u0101j\u0101m, jo nebija inform\u0101cijas, ka \u0161\u0101ds l\u0113mums var tikt pie\u0146emts,\u201d par notiku\u0161o sac\u012bja Ze\u013conijs, \u201c\u013coti slikta situ\u0101cija. Turkl\u0101t mums \u0161ogad starti jau ir sapl\u0101noti.\u201d<\/p>\n<p>Vi\u0146\u0161 nor\u0101d\u012bja, ka Latvijas d\u017eudisti \u0161obr\u012bd jau atrodas sacens\u012bbu viet\u0101s \u2013 gan \u201cGrand Slam\u201d posm\u0101 AAE, gan Eiropas junioru kausa posm\u0101 Slov\u0113nijas pils\u0113t\u0101 Maribor\u0101.<\/p>\n<p>\u201cM\u0113s neko nevaram main\u012bt, bet par n\u0101kam\u0101 gada startiem mums b\u016bs j\u0101konsult\u0113jas ar Latvijas Olimpisko komiteju (LOK), ar Izgl\u012bt\u012bbas un zin\u0101tnes ministriju un p\u0101r\u0113jiem sadarb\u012bbas partneriem,\u201d piebilda Ze\u013conijs.<\/p>\n<p>Vi\u0146a skat\u012bjum\u0101, LD\u017eF n\u0101kotn\u0113 past\u0101v vair\u0101ki varianti. \u201cViens no tiem paredz piedal\u012bties tikai taj\u0101s sacens\u012bb\u0101s, kur nepiedal\u0101s Krievijas sportisti, ta\u010du tas ir d\u0101rgi,\u201d izteic\u0101s Ze\u013conijs.<\/p>\n<p>Ceturtdienas pazi\u0146ojum\u0101 IJF uzsv\u0113ra, ka p\u0113c iepriek\u0161 atjaunotaj\u0101m Baltkrievijas sportistu ties\u012bb\u0101m start\u0113t zem sava karoga ir lo\u0123iski, ka t\u0101das pa\u0161as ties\u012bbas vajadz\u0113tu pie\u0161\u0137irt ar\u012b Krievijai.<\/p>\n<p class=\"ad-desc ad-desc-main\">Saturs turpin\u0101s p\u0113c rekl\u0101mas<\/p>\n<p class=\"ad-desc ad-desc-sec\">Rekl\u0101ma<\/p>\n<p>\u201cP\u0113c nesenajiem notikumiem, tai skait\u0101 piln\u012bgas nacion\u0101l\u0101s p\u0101rst\u0101vniec\u012bbas atjauno\u0161anas Baltkrievijas sportistiem, IJF uzskata, ka tagad ir lietder\u012bgi at\u013caut Krievijas sportistu dal\u012bbu sacens\u012bb\u0101s ar vienl\u012bdz\u012bgiem nosac\u012bjumiem,\u201d teikts pazi\u0146ojum\u0101.<\/p>\n<p>\u201cT\u0101p\u0113c IJF izpildkomiteja ir nobalsojusi par to, lai Krievijas sportistiem, s\u0101kot ar 2025. gada Ab\u016b Dab\u012b \u201cGrand Slam\u201d turn\u012bru, tiek atkal at\u013cauts sacensties zem savas valsts karoga, ar savu himnu un embl\u0113mu,\u201d pazi\u0146oja IJF.<\/p>\n<p>Krievijas prezidentam Vladimiram Putinam tuv\u0101 Krievijas D\u017eudo feder\u0101cija (FDR) apsveica \u201cv\u0113sturisko l\u0113mumu\u201d.<\/p>\n<p>Ab\u016b Dab\u012b \u201cGrand Slam\u201d turn\u012brs Apvienotajos Ar\u0101bu Emir\u0101tos s\u0101ksies piektdien un beigsies sv\u0113tdien. Eiropas junioru kausa posm\u0101 Maribor\u0101 d\u017eudisti sacent\u012bsies sestdien un sv\u0113tdien.<\/p>\n<p class=\"tv3-fw-500\">Zi\u0146o par k\u013c\u016bdu rakst\u0101<\/p>\n<p class=\"d-md-block d-none\">Iez\u012bm\u0113 k\u013c\u016bdaino tekstu un spied Ctrl+Enter.<\/p>\n<p class=\"d-md-none d-block\">Iez\u012bm\u0113 k\u013c\u016bdaino tekstu un zi\u0146o par to!<\/p>\n","protected":false},"excerpt":{"rendered":"Krievijas sportistu l\u012bdzdal\u012bba ir iesp\u0113jama, s\u0101kot ar Ab\u016b Dab\u012b \u201cGrand Slam\u201d turn\u012bru \u0161\u012bs ned\u0113\u013cas nogal\u0113. \u201cTas ir piln\u012bgi&hellip;\n","protected":false},"author":2,"featured_media":60018,"comment_status":"","ping_status":"","sticky":false,"template":"","format":"standard","meta":{"footnotes":""},"categories":[17],"tags":[8188,35,39,38,36,37,34,40,67],"class_list":{"0":"post-60017","1":"post","2":"type-post","3":"status-publish","4":"format-standard","5":"has-post-thumbnail","7":"category-sports","8":"tag-dzudo","9":"tag-latvia","10":"tag-latvian","11":"tag-latviesu","12":"tag-latviesu-valoda","13":"tag-latviesuvaloda","14":"tag-latvija","15":"tag-lv","16":"tag-sports"},"share_on_mastodon":{"url":"https:\/\/pubeurope.com\/@lv\/115622978745631421","error":""},"_links":{"self":[{"href":"https:\/\/www.europesays.com\/lv\/wp-json\/wp\/v2\/posts\/60017","targetHints":{"allow":["GET"]}}],"collection":[{"href":"https:\/\/www.europesays.com\/lv\/wp-json\/wp\/v2\/posts"}],"about":[{"href":"https:\/\/www.europesays.com\/lv\/wp-json\/wp\/v2\/types\/post"}],"author":[{"embeddable":true,"href":"https:\/\/www.europesays.com\/lv\/wp-json\/wp\/v2\/users\/2"}],"replies":[{"embeddable":true,"href":"https:\/\/www.europesays.com\/lv\/wp-json\/wp\/v2\/comments?post=60017"}],"version-history":[{"count":0,"href":"https:\/\/www.europesays.com\/lv\/wp-json\/wp\/v2\/posts\/60017\/revisions"}],"wp:featuredmedia":[{"embeddable":true,"href":"https:\/\/www.europesays.com\/lv\/wp-json\/wp\/v2\/media\/60018"}],"wp:attachment":[{"href":"https:\/\/www.europesays.com\/lv\/wp-json\/wp\/v2\/media?parent=60017"}],"wp:term":[{"taxonomy":"category","embeddable":true,"href":"https:\/\/www.europesays.com\/lv\/wp-json\/wp\/v2\/categories?post=60017"},{"taxonomy":"post_tag","embeddable":true,"href":"https:\/\/www.europesays.com\/lv\/wp-json\/wp\/v2\/tags?post=60017"}],"curies":[{"name":"wp","href":"https:\/\/api.w.org\/{rel}","templated":true}]}}