{"id":60031,"date":"2025-11-27T18:24:08","date_gmt":"2025-11-27T18:24:08","guid":{"rendered":"https:\/\/www.europesays.com\/lv\/60031\/"},"modified":"2025-11-27T18:24:08","modified_gmt":"2025-11-27T18:24:08","slug":"alonso-nosauc-divpadsmitnieku-spelei-ar-niderlandes-izlasi","status":"publish","type":"post","link":"https:\/\/www.europesays.com\/lv\/60031\/","title":{"rendered":"Alonso nosauc divpadsmitnieku sp\u0113lei ar N\u012bderlandes izlasi"},"content":{"rendered":"<p>Piektdien Latvijas basketbolisti s\u0101ks 2027. gada Pasaules kausa kvalifik\u0101ciju, sav\u0101 laukum\u0101 &#8220;Xiaomi ar\u0113n\u0101&#8221; uz\u0146emot N\u012bderlandi. Sp\u0113le s\u0101ksies plkst. 19.30.<\/p>\n<p>LBS zi\u0146o, ka Skuja nevar\u0113s pal\u012bdz\u0113t izlasei treni\u0146\u0101 g\u016bt\u0101 savainojuma, k\u0101 ar\u012b Latvijas valstsvien\u012bbas galvenais treneris <a href=\"https:\/\/sports.tvnet.lv\/term\/804394\/sito-alonso\" class=\"topicLink\" target=\"_blank\" rel=\"nofollow noopener\">Sito Alonso<\/a> l\u0113mis ma\u010dam nepieteikt ar\u012b Aizpuru un Mi\u0161ku.<\/p>\n<p>\u0160aj\u0101 izla\u0161u log\u0101 Latvijas basketbolisti v\u0113l 1. decembr\u012b viesos tiksies ar Austriju.<\/p>\n<p>Latvie\u0161i c\u012b\u0146u par ce\u013caz\u012bmi uz Katar\u0101 paredz\u0113to Pasaules kausa izc\u012b\u0146as fin\u0101lturn\u012bru s\u0101ks kvalifik\u0101cijas Eiropas zonas F grup\u0101, pa div\u0101m reiz\u0113m sacen\u0161oties ar N\u012bderlandes, Polijas un Austrijas komand\u0101m.<\/p>\n<p>F grupas tr\u012bs lab\u0101k\u0101s komandas, \u0146emot l\u012bdzi visu sp\u0113\u013cu rezult\u0101tus, otraj\u0101 posm\u0101 apvienosies ar E grupas (V\u0101cija, Horv\u0101tija, Izra\u0113la, Kipra) lab\u0101ko trijnieku. Tr\u012bs lab\u0101k\u0101s komandas ieg\u016bs ties\u012bbas sp\u0113l\u0113t Pasaules kausa fin\u0101lturn\u012br\u0101.<\/p>\n<p>Latvijas v\u012brie\u0161u basketbola izlases sast\u0101vs ma\u010dam ar N\u012bderlandi: Adrians And\u017eevs, Dairis Bert\u0101ns, Kristaps \u0136ilps (visi &#8211; &#8220;VEF R\u012bga&#8221;), Roberts Blumbergs (Izmiras &#8220;Petkim Spor&#8221;, Turcija), Mareks Mejeris (Lielpolijas Ostruvas &#8220;Stal&#8221;, Polija), Kl\u0101vs \u010cavars (Baku &#8220;Sabah&#8221;, Azerbaid\u017e\u0101na), Rihards Loma\u017es (Klaip\u0113das &#8220;Nept\u016bnas&#8221;, Lietuva), M\u0101rcis \u0160teinbergs (Manrezas &#8220;Baxi&#8221;, Sp\u0101nija), An\u017eejs Pase\u010d\u0146iks (&#8220;Lioneers&#8221;, Taiv\u0101na), Toms Leimanis (bez kluba), Art\u016brs Kurucs (Lugo &#8220;Rio Breogan&#8221;, Sp\u0101nija), Rodijs Ma\u010doha (&#8220;R\u012bgas ze\u013c\u013ci&#8221;).<\/p>\n","protected":false},"excerpt":{"rendered":"Piektdien Latvijas basketbolisti s\u0101ks 2027. gada Pasaules kausa kvalifik\u0101ciju, sav\u0101 laukum\u0101 &#8220;Xiaomi ar\u0113n\u0101&#8221; uz\u0146emot N\u012bderlandi. Sp\u0113le s\u0101ksies plkst.&hellip;\n","protected":false},"author":2,"featured_media":60032,"comment_status":"","ping_status":"","sticky":false,"template":"","format":"standard","meta":{"footnotes":""},"categories":[5],"tags":[14558,23,12056,10226,6377,28,29,4430,32,33,22,8099,2648,30,31,35,39,38,36,37,34,15907,40,6158,15906,20,26,27,15556,8512,5612,1930,4631,4952,1932,24,25,21],"class_list":{"0":"post-60031","1":"post","2":"type-post","3":"status-publish","4":"format-standard","5":"has-post-thumbnail","7":"category-aktualitates","8":"tag-adrians-andzevs","9":"tag-aktualitates","10":"tag-anrijs-miska","11":"tag-anzejs-pasecniks","12":"tag-arturs-kurucs","13":"tag-breaking-news","14":"tag-breakingnews","15":"tag-dairis-bertans","16":"tag-featured-news","17":"tag-featurednews","18":"tag-headlines","19":"tag-klavs-cavars","20":"tag-kristaps-kilps","21":"tag-latest-news","22":"tag-latestnews","23":"tag-latvia","24":"tag-latvian","25":"tag-latviesu","26":"tag-latviesu-valoda","27":"tag-latviesuvaloda","28":"tag-latvija","29":"tag-latvijas-viriesu-basketbola-izlase","30":"tag-lv","31":"tag-marcis-steinbergs","32":"tag-mareks-mejeris","33":"tag-news","34":"tag-popularakas-zinas","35":"tag-popularakaszinas","36":"tag-ricards-aizpurs","37":"tag-rihards-lomazs","38":"tag-roberts-blumbergs","39":"tag-rodijs-macoha","40":"tag-sito-alonso","41":"tag-toms-leimanis","42":"tag-toms-skuja","43":"tag-top-stories","44":"tag-topstories","45":"tag-zinas"},"share_on_mastodon":{"url":"","error":"Validation failed: Text character limit of 500 exceeded"},"_links":{"self":[{"href":"https:\/\/www.europesays.com\/lv\/wp-json\/wp\/v2\/posts\/60031","targetHints":{"allow":["GET"]}}],"collection":[{"href":"https:\/\/www.europesays.com\/lv\/wp-json\/wp\/v2\/posts"}],"about":[{"href":"https:\/\/www.europesays.com\/lv\/wp-json\/wp\/v2\/types\/post"}],"author":[{"embeddable":true,"href":"https:\/\/www.europesays.com\/lv\/wp-json\/wp\/v2\/users\/2"}],"replies":[{"embeddable":true,"href":"https:\/\/www.europesays.com\/lv\/wp-json\/wp\/v2\/comments?post=60031"}],"version-history":[{"count":0,"href":"https:\/\/www.europesays.com\/lv\/wp-json\/wp\/v2\/posts\/60031\/revisions"}],"wp:featuredmedia":[{"embeddable":true,"href":"https:\/\/www.europesays.com\/lv\/wp-json\/wp\/v2\/media\/60032"}],"wp:attachment":[{"href":"https:\/\/www.europesays.com\/lv\/wp-json\/wp\/v2\/media?parent=60031"}],"wp:term":[{"taxonomy":"category","embeddable":true,"href":"https:\/\/www.europesays.com\/lv\/wp-json\/wp\/v2\/categories?post=60031"},{"taxonomy":"post_tag","embeddable":true,"href":"https:\/\/www.europesays.com\/lv\/wp-json\/wp\/v2\/tags?post=60031"}],"curies":[{"name":"wp","href":"https:\/\/api.w.org\/{rel}","templated":true}]}}