{"id":60042,"date":"2025-11-27T18:42:17","date_gmt":"2025-11-27T18:42:17","guid":{"rendered":"https:\/\/www.europesays.com\/lv\/60042\/"},"modified":"2025-11-27T18:42:17","modified_gmt":"2025-11-27T18:42:17","slug":"plano-paplasinat-tehnisko-lidzeklu-izmantosanu-satiksmes-noteikumu-parkapumu-kontrolesanai","status":"publish","type":"post","link":"https:\/\/www.europesays.com\/lv\/60042\/","title":{"rendered":"Pl\u0101no papla\u0161in\u0101t tehnisko l\u012bdzek\u013cu izmanto\u0161anu satiksmes noteikumu p\u0101rk\u0101pumu kontrol\u0113\u0161anai"},"content":{"rendered":"<p>Vectir\u0101ns piebilda, ka turpm\u0101k pl\u0101nots izveidot vienotu tehnisko l\u012bdzek\u013cu t\u012bklu, lai pan\u0101ktu past\u0101v\u012bgu iek\u0101rtu uztur\u0113\u0161anas finans\u0113jumu, un ieviest vienotu iek\u0101rtu uztur\u0113\u0161anas tehnisko nodro\u0161in\u0101jumu. Pl\u0101nots ar\u012b izstr\u0101d\u0101t t\u0101l\u0101ko strat\u0113\u0123iju tehnisko l\u012bdzek\u013cu izmanto\u0161anas uzlabo\u0161anai &#8211; att\u012bst\u012bbai un finans\u0113\u0161anai.<\/p>\n<p>Jau zi\u0146ots, ka \u0161ogad apkopot\u0101 statistika par satiksmes negad\u012bjumos boj\u0101g\u0101ju\u0161ajiem ir skarba, un nepiecie\u0161am\u012bbas gad\u012bjum\u0101 b\u016bs j\u0101s\u0101k dom\u0101t par barg\u0101ku sodu ievie\u0161anu, ceturtdien Ce\u013cu satiksmes dro\u0161\u012bbas padomes (CSDP) s\u0113d\u0113 pazi\u0146oja t\u0101s vad\u012bt\u0101js, satiksmes ministrs Atis \u0160vinka (P).<\/p>\n<p>\u0160ogad av\u0101rij\u0101s, tostarp vakar notiku\u0161aj\u0101 tra\u0123\u0113dij\u0101, kad R\u012bg\u0101 automa\u0161\u012bna sabrauca g\u0101j\u0113ju, dz\u012bv\u012bbu zaud\u0113ju\u0161i 108 cilv\u0113ki, kas noz\u012bm\u0113, ka jau patlaban tiek p\u0101rsniegti visi pag\u0101ju\u0161\u0101 gada r\u0101d\u012bt\u0101ji, atkl\u0101jot s\u0113di, nor\u0101d\u012bja \u0160vinka.<\/p>\n<p>VP apkopt\u0101 statistika liecina, ka \u0161ogad desmit m\u0113ne\u0161os ce\u013cu satiksmes negad\u012bjumos smagus ievainojumus guvu\u0161i 259 cilv\u0113ki, bet p\u0113rn &#8211; 279. Viegli ievainojumi \u0161ogad desmit m\u0113ne\u0161os ir biju\u0161i 3094 cilv\u0113kiem, bet p\u0113rn attiec\u012bgaj\u0101 period\u0101 &#8211; 2974.<\/p>\n","protected":false},"excerpt":{"rendered":"Vectir\u0101ns piebilda, ka turpm\u0101k pl\u0101nots izveidot vienotu tehnisko l\u012bdzek\u013cu t\u012bklu, lai pan\u0101ktu past\u0101v\u012bgu iek\u0101rtu uztur\u0113\u0161anas finans\u0113jumu, un ieviest&hellip;\n","protected":false},"author":2,"featured_media":60043,"comment_status":"","ping_status":"","sticky":false,"template":"","format":"standard","meta":{"footnotes":""},"categories":[5],"tags":[23,28,29,32,33,22,30,31,35,39,38,36,37,34,40,20,26,27,1529,1528,24,25,21],"class_list":{"0":"post-60042","1":"post","2":"type-post","3":"status-publish","4":"format-standard","5":"has-post-thumbnail","7":"category-aktualitates","8":"tag-aktualitates","9":"tag-breaking-news","10":"tag-breakingnews","11":"tag-featured-news","12":"tag-featurednews","13":"tag-headlines","14":"tag-latest-news","15":"tag-latestnews","16":"tag-latvia","17":"tag-latvian","18":"tag-latviesu","19":"tag-latviesu-valoda","20":"tag-latviesuvaloda","21":"tag-latvija","22":"tag-lv","23":"tag-news","24":"tag-popularakas-zinas","25":"tag-popularakaszinas","26":"tag-satiksme","27":"tag-satiksmes-drosiba","28":"tag-top-stories","29":"tag-topstories","30":"tag-zinas"},"share_on_mastodon":{"url":"https:\/\/pubeurope.com\/@lv\/115623136020301690","error":""},"_links":{"self":[{"href":"https:\/\/www.europesays.com\/lv\/wp-json\/wp\/v2\/posts\/60042","targetHints":{"allow":["GET"]}}],"collection":[{"href":"https:\/\/www.europesays.com\/lv\/wp-json\/wp\/v2\/posts"}],"about":[{"href":"https:\/\/www.europesays.com\/lv\/wp-json\/wp\/v2\/types\/post"}],"author":[{"embeddable":true,"href":"https:\/\/www.europesays.com\/lv\/wp-json\/wp\/v2\/users\/2"}],"replies":[{"embeddable":true,"href":"https:\/\/www.europesays.com\/lv\/wp-json\/wp\/v2\/comments?post=60042"}],"version-history":[{"count":0,"href":"https:\/\/www.europesays.com\/lv\/wp-json\/wp\/v2\/posts\/60042\/revisions"}],"wp:featuredmedia":[{"embeddable":true,"href":"https:\/\/www.europesays.com\/lv\/wp-json\/wp\/v2\/media\/60043"}],"wp:attachment":[{"href":"https:\/\/www.europesays.com\/lv\/wp-json\/wp\/v2\/media?parent=60042"}],"wp:term":[{"taxonomy":"category","embeddable":true,"href":"https:\/\/www.europesays.com\/lv\/wp-json\/wp\/v2\/categories?post=60042"},{"taxonomy":"post_tag","embeddable":true,"href":"https:\/\/www.europesays.com\/lv\/wp-json\/wp\/v2\/tags?post=60042"}],"curies":[{"name":"wp","href":"https:\/\/api.w.org\/{rel}","templated":true}]}}